{"id":2148,"date":"2012-10-25T11:13:00","date_gmt":"2012-10-25T09:13:00","guid":{"rendered":"http:\/\/kleinespechte.de\/spechtblog\/?p=2148"},"modified":"2013-07-02T11:27:33","modified_gmt":"2013-07-02T09:27:33","slug":"herbsttag-der-vkl-klasse-und-der-klasse-3","status":"publish","type":"post","link":"https:\/\/kleinespechte.de\/spechtblog\/10\/2012\/herbsttag-der-vkl-klasse-und-der-klasse-3\/","title":{"rendered":"Herbsttag der VKL-Klasse und der Klasse 3!"},"content":{"rendered":"<h5><span style=\"text-decoration: underline;\">Basteln, Essen und mehr<\/span><\/h5>\n<p>Am Montag den 22.10.12 trafen wir uns zur zweiten Stunde f\u00fcr unseren gemeinsamen Herbsttag.<br \/>\nNach der Einteilung in verschiedene Gruppen, konnten die Kinder gleich loslegen. Mit Frau Wermke und Herrn Schaupp bohrten die Kinder L\u00f6cher in unsere gesammelten Bastelkastanien und erstellten die tollsten Tiere.<br \/>\nSogar ein echter Bohrer wurde vom Bauhof ausgeliehen, um schneller voranzukommen!<br \/>\nFrau Lenz und Frau Braun unterst\u00fctzten die Kinder in der K\u00fcche. Hier wurden gleich drei verschiedene Dinge bearbeitet:<br \/>\nEs gab leckere Spinnen, die die Kinder im Anschluss auch essen konnten.<br \/>\nAu\u00dferdem lernten die Kinder, wie man Esskastanien einritzt, um sie danach in den Ofen zu schieben.<br \/>\nUnd schlie\u00dflich bastelten die Kinder sch\u00f6ne Herbstm\u00e4nnchen, mit den gesammelten Laubbl\u00e4ttern.<br \/>\nMit Frau Daniel gab es englisches Storytelling und zwar die Geschichte zweier M\u00e4use und ihrer Liebe zu einem K\u00fcrbis.<br \/>\nIn der letzten Gruppe studierten die Kinder einen Tanz zu einem Herbstlied ein und begleiteten dieses mit Instrumenten.<br \/>\nAlles in allem war es ein gelungener Tag:<br \/>\nZum Schluss lie\u00dfen wir uns die gebackenen Esskastanien schmecken und verabschiedeten uns gut gelaunt.<\/p>\n<p><strong><span style=\"color: #000000;\">Ein herzliches Dankesch\u00f6n an alle Helfer!<\/span><\/strong><\/p>\n<div class=\"pdfprnt-buttons pdfprnt-buttons-post pdfprnt-bottom-right\"><a href=\"https:\/\/kleinespechte.de\/spechtblog\/wp-json\/wp\/v2\/posts\/2148?print=print\" class=\"pdfprnt-button pdfprnt-button-print\" target=\"_blank\" ><img decoding=\"async\" src=\"https:\/\/kleinespechte.de\/spechtblog\/wp-content\/plugins\/pdf-print\/images\/print.png\" alt=\"image_print\" title=\"Inhalt drucken\" \/><\/a><\/div>","protected":false},"excerpt":{"rendered":"<p>Basteln, Essen und mehr Am Montag den 22.10.12 trafen wir uns zur zweiten Stunde f\u00fcr unseren gemeinsamen Herbsttag. Nach der Einteilung in verschiedene Gruppen, konnten die Kinder gleich loslegen. Mit Frau Wermke und Herrn Schaupp bohrten die Kinder L\u00f6cher in unsere gesammelten Bastelkastanien und erstellten die tollsten Tiere. Sogar ein echter Bohrer wurde vom Bauhof &hellip; <\/p>\n<p class=\"link-more\"><a href=\"https:\/\/kleinespechte.de\/spechtblog\/10\/2012\/herbsttag-der-vkl-klasse-und-der-klasse-3\/\" class=\"more-link\"><span class=\"screen-reader-text\">\u201eHerbsttag der VKL-Klasse und der Klasse 3!\u201c <\/span>weiterlesen<\/a><\/p>\n","protected":false},"author":2,"featured_media":0,"comment_status":"closed","ping_status":"closed","sticky":false,"template":"","format":"standard","meta":{"footnotes":""},"categories":[18,21],"tags":[22],"class_list":["post-2148","post","type-post","status-publish","format-standard","hentry","category-eingeschult-10","category-vkl","tag-22"],"_links":{"self":[{"href":"https:\/\/kleinespechte.de\/spechtblog\/wp-json\/wp\/v2\/posts\/2148","targetHints":{"allow":["GET"]}}],"collection":[{"href":"https:\/\/kleinespechte.de\/spechtblog\/wp-json\/wp\/v2\/posts"}],"about":[{"href":"https:\/\/kleinespechte.de\/spechtblog\/wp-json\/wp\/v2\/types\/post"}],"author":[{"embeddable":true,"href":"https:\/\/kleinespechte.de\/spechtblog\/wp-json\/wp\/v2\/users\/2"}],"replies":[{"embeddable":true,"href":"https:\/\/kleinespechte.de\/spechtblog\/wp-json\/wp\/v2\/comments?post=2148"}],"version-history":[{"count":15,"href":"https:\/\/kleinespechte.de\/spechtblog\/wp-json\/wp\/v2\/posts\/2148\/revisions"}],"predecessor-version":[{"id":2681,"href":"https:\/\/kleinespechte.de\/spechtblog\/wp-json\/wp\/v2\/posts\/2148\/revisions\/2681"}],"wp:attachment":[{"href":"https:\/\/kleinespechte.de\/spechtblog\/wp-json\/wp\/v2\/media?parent=2148"}],"wp:term":[{"taxonomy":"category","embeddable":true,"href":"https:\/\/kleinespechte.de\/spechtblog\/wp-json\/wp\/v2\/categories?post=2148"},{"taxonomy":"post_tag","embeddable":true,"href":"https:\/\/kleinespechte.de\/spechtblog\/wp-json\/wp\/v2\/tags?post=2148"}],"curies":[{"name":"wp","href":"https:\/\/api.w.org\/{rel}","templated":true}]}}