{"id":2243,"date":"2012-11-23T11:57:33","date_gmt":"2012-11-23T09:57:33","guid":{"rendered":"http:\/\/kleinespechte.de\/spechtblog\/?p=2243"},"modified":"2013-07-02T11:28:05","modified_gmt":"2013-07-02T09:28:05","slug":"backaktion-der-vierten-klasse","status":"publish","type":"post","link":"https:\/\/kleinespechte.de\/spechtblog\/11\/2012\/backaktion-der-vierten-klasse\/","title":{"rendered":"Backaktion der vierten Klasse"},"content":{"rendered":"<p><strong><span style=\"text-decoration: underline;\">Leckere Apfelmuffins<\/span><br \/>\n<\/strong><\/p>\n<p>Wir, die Klasse 4, backten am Freitag den 16.11.12 mit unserer Lehrerin Frau Kollmann leckere Apfelmuffins.<br \/>\nAm Anfang s\u00e4uberten wir uns alle die H\u00e4nde. Danach zogen wir uns die Sch\u00fcrze \u00fcber und machten uns an die Arbeit.<br \/>\nZuerst sch\u00e4lten wir die \u00c4pfel und schnitten sie in W\u00fcrfel. Wir vermischten sie mit: Vanillezucker, Zucker, Natron, einem Ei, \u00d6l, Backpulver und Mehl.<br \/>\nKurz darauf f\u00fcllten wir den Teig in die Papierbackf\u00f6rmchen und schoben anschlie\u00dfend das Blech in den vorgeheizten Backofen.<br \/>\nAlle warteten gespannt auf die duftigen Muffins.<br \/>\nSie schmeckten sehr lecker.<br \/>\nDie Klasse 4 bedankt\u00a0 sich f\u00fcr die tatkr\u00e4ftige Unterst\u00fctzung von Frau Sent\u00fcrk und Frau Gaitkovskiy.<\/p>\n<p>Tolga + Moritz<\/p>\n<div id='gallery-1' class='gallery galleryid-2243 gallery-columns-4 gallery-size-thumbnail'><figure class='gallery-item'>\n\t\t\t<div class='gallery-icon landscape'>\n\t\t\t\t<a href='https:\/\/kleinespechte.de\/spechtblog\/wp-content\/uploads\/2012\/11\/backaktion11-12-2.jpg' title=\"\" data-rl_title=\"\" class=\"rl-gallery-link\" data-rl_caption=\"\" data-rel=\"lightbox-gallery-1\" data-magnific_type=\"gallery\"><img loading=\"lazy\" decoding=\"async\" width=\"150\" height=\"150\" src=\"https:\/\/kleinespechte.de\/spechtblog\/wp-content\/uploads\/2012\/11\/backaktion11-12-2-150x150.jpg\" class=\"attachment-thumbnail size-thumbnail\" alt=\"\" sizes=\"auto, 100vw\" \/><\/a>\n\t\t\t<\/div><\/figure><figure class='gallery-item'>\n\t\t\t<div class='gallery-icon landscape'>\n\t\t\t\t<a href='https:\/\/kleinespechte.de\/spechtblog\/wp-content\/uploads\/2012\/11\/backaktion11-12-1.jpg' title=\"\" data-rl_title=\"\" class=\"rl-gallery-link\" data-rl_caption=\"\" data-rel=\"lightbox-gallery-1\" data-magnific_type=\"gallery\"><img loading=\"lazy\" decoding=\"async\" width=\"150\" height=\"150\" src=\"https:\/\/kleinespechte.de\/spechtblog\/wp-content\/uploads\/2012\/11\/backaktion11-12-1-150x150.jpg\" class=\"attachment-thumbnail size-thumbnail\" alt=\"\" sizes=\"auto, 100vw\" \/><\/a>\n\t\t\t<\/div><\/figure><figure class='gallery-item'>\n\t\t\t<div class='gallery-icon portrait'>\n\t\t\t\t<a href='https:\/\/kleinespechte.de\/spechtblog\/wp-content\/uploads\/2012\/11\/backaktion11-12-3.jpg' title=\"\" data-rl_title=\"\" class=\"rl-gallery-link\" data-rl_caption=\"\" data-rel=\"lightbox-gallery-1\" data-magnific_type=\"gallery\"><img loading=\"lazy\" decoding=\"async\" width=\"150\" height=\"150\" src=\"https:\/\/kleinespechte.de\/spechtblog\/wp-content\/uploads\/2012\/11\/backaktion11-12-3-150x150.jpg\" class=\"attachment-thumbnail size-thumbnail\" alt=\"\" sizes=\"auto, 100vw\" \/><\/a>\n\t\t\t<\/div><\/figure>\n\t\t<\/div>\n\n<div class=\"pdfprnt-buttons pdfprnt-buttons-post pdfprnt-bottom-right\"><a href=\"https:\/\/kleinespechte.de\/spechtblog\/wp-json\/wp\/v2\/posts\/2243?print=print\" class=\"pdfprnt-button pdfprnt-button-print\" target=\"_blank\" ><img decoding=\"async\" src=\"https:\/\/kleinespechte.de\/spechtblog\/wp-content\/plugins\/pdf-print\/images\/print.png\" alt=\"image_print\" title=\"Inhalt drucken\" \/><\/a><\/div>","protected":false},"excerpt":{"rendered":"<p>Leckere Apfelmuffins Wir, die Klasse 4, backten am Freitag den 16.11.12 mit unserer Lehrerin Frau Kollmann leckere Apfelmuffins. Am Anfang s\u00e4uberten wir uns alle die H\u00e4nde. Danach zogen wir uns die Sch\u00fcrze \u00fcber und machten uns an die Arbeit. Zuerst sch\u00e4lten wir die \u00c4pfel und schnitten sie in W\u00fcrfel. Wir vermischten sie mit: Vanillezucker, Zucker, &hellip; <\/p>\n<p class=\"link-more\"><a href=\"https:\/\/kleinespechte.de\/spechtblog\/11\/2012\/backaktion-der-vierten-klasse\/\" class=\"more-link\"><span class=\"screen-reader-text\">\u201eBackaktion der vierten Klasse\u201c <\/span>weiterlesen<\/a><\/p>\n","protected":false},"author":13,"featured_media":0,"comment_status":"closed","ping_status":"closed","sticky":false,"template":"","format":"standard","meta":{"footnotes":""},"categories":[17],"tags":[24],"class_list":["post-2243","post","type-post","status-publish","format-standard","hentry","category-eingeschult-09","tag-24"],"_links":{"self":[{"href":"https:\/\/kleinespechte.de\/spechtblog\/wp-json\/wp\/v2\/posts\/2243","targetHints":{"allow":["GET"]}}],"collection":[{"href":"https:\/\/kleinespechte.de\/spechtblog\/wp-json\/wp\/v2\/posts"}],"about":[{"href":"https:\/\/kleinespechte.de\/spechtblog\/wp-json\/wp\/v2\/types\/post"}],"author":[{"embeddable":true,"href":"https:\/\/kleinespechte.de\/spechtblog\/wp-json\/wp\/v2\/users\/13"}],"replies":[{"embeddable":true,"href":"https:\/\/kleinespechte.de\/spechtblog\/wp-json\/wp\/v2\/comments?post=2243"}],"version-history":[{"count":10,"href":"https:\/\/kleinespechte.de\/spechtblog\/wp-json\/wp\/v2\/posts\/2243\/revisions"}],"predecessor-version":[{"id":2683,"href":"https:\/\/kleinespechte.de\/spechtblog\/wp-json\/wp\/v2\/posts\/2243\/revisions\/2683"}],"wp:attachment":[{"href":"https:\/\/kleinespechte.de\/spechtblog\/wp-json\/wp\/v2\/media?parent=2243"}],"wp:term":[{"taxonomy":"category","embeddable":true,"href":"https:\/\/kleinespechte.de\/spechtblog\/wp-json\/wp\/v2\/categories?post=2243"},{"taxonomy":"post_tag","embeddable":true,"href":"https:\/\/kleinespechte.de\/spechtblog\/wp-json\/wp\/v2\/tags?post=2243"}],"curies":[{"name":"wp","href":"https:\/\/api.w.org\/{rel}","templated":true}]}}