{"id":3389,"date":"2015-09-22T11:40:39","date_gmt":"2015-09-22T09:40:39","guid":{"rendered":"http:\/\/kleinespechte.de\/spechtblog\/?p=3389"},"modified":"2018-07-12T09:39:54","modified_gmt":"2018-07-12T07:39:54","slug":"endlich-ein-schulkind","status":"publish","type":"post","link":"https:\/\/kleinespechte.de\/spechtblog\/09\/2015\/endlich-ein-schulkind\/","title":{"rendered":"Endlich ein Schulkind!"},"content":{"rendered":"<p>Einschulungsfeier 2015<\/p>\n<p>Am 19.9.15 gab es um 9.00Uhr einen stimmungsvollen Einschulungsgottesdienst in der evangelischen Kirche mit unserer Pfarrerin Frau Walter. Ihr standen die Viertkl\u00e4ssler tatkr\u00e4ftig zur Seite.<\/p>\n<p>Weiter ging es um 10.00Uhr in der Spechbacher Turnhalle. Hier f\u00fchrte Frau Tatschke stellvertretend f\u00fcr Herrn Keilhauer durch das bunte Programm. Zuerst gab es einen Willkommenskanon der Viertkl\u00e4ssler. Im Anschluss daran erz\u00e4hlten die Zweitkl\u00e4ssler in einem Rap, was die neuen Erstkl\u00e4ssler in der Schule erwartet. Danach f\u00fchrten die Drittkl\u00e4ssler ein Theaterst\u00fcck passend zum neuen Lesebuch der Schulanf\u00e4nger auf und sangen und tanzten fr\u00f6hlich zu der Geschichte. Des Weiteren gab es noch gute W\u00fcnsche f\u00fcr jedes Schulkind und schlie\u00dflich durften diese ihre erste Schulstunde erleben. In der Zwischenzeit verweilten sich die Eltern, Verwandte und Freunde bei Kaffee und Kuchen bis die Schulanf\u00e4nger gut gelaunt zur\u00fcckkehrten. Trotz Regenwetter war es ein toller Start in den Schulalltag. Vielen Dank auch an das Apfelh\u00e4uschen f\u00fcr die Apfelspende!<\/p>\n<div id='gallery-1' class='gallery galleryid-3389 gallery-columns-3 gallery-size-thumbnail'><figure class='gallery-item'>\n\t\t\t<div class='gallery-icon landscape'>\n\t\t\t\t<a href='https:\/\/kleinespechte.de\/spechtblog\/wp-content\/uploads\/2015\/09\/20150919-P1300395.jpg' title=\"\" data-rl_title=\"\" class=\"rl-gallery-link\" data-rl_caption=\"\" data-rel=\"lightbox-gallery-1\" data-magnific_type=\"gallery\"><img loading=\"lazy\" decoding=\"async\" width=\"150\" height=\"150\" src=\"https:\/\/kleinespechte.de\/spechtblog\/wp-content\/uploads\/2015\/09\/20150919-P1300395-150x150.jpg\" class=\"attachment-thumbnail size-thumbnail\" alt=\"\" sizes=\"auto, 100vw\" \/><\/a>\n\t\t\t<\/div><\/figure><figure class='gallery-item'>\n\t\t\t<div class='gallery-icon landscape'>\n\t\t\t\t<a href='https:\/\/kleinespechte.de\/spechtblog\/wp-content\/uploads\/2015\/09\/20150919-P1300348.jpg' title=\"\" data-rl_title=\"\" class=\"rl-gallery-link\" data-rl_caption=\"\" data-rel=\"lightbox-gallery-1\" data-magnific_type=\"gallery\"><img loading=\"lazy\" decoding=\"async\" width=\"150\" height=\"150\" src=\"https:\/\/kleinespechte.de\/spechtblog\/wp-content\/uploads\/2015\/09\/20150919-P1300348-150x150.jpg\" class=\"attachment-thumbnail size-thumbnail\" alt=\"\" sizes=\"auto, 100vw\" \/><\/a>\n\t\t\t<\/div><\/figure><figure class='gallery-item'>\n\t\t\t<div class='gallery-icon landscape'>\n\t\t\t\t<a href='https:\/\/kleinespechte.de\/spechtblog\/wp-content\/uploads\/2015\/09\/20150919-P1300357.jpg' title=\"\" data-rl_title=\"\" class=\"rl-gallery-link\" data-rl_caption=\"\" data-rel=\"lightbox-gallery-1\" data-magnific_type=\"gallery\"><img loading=\"lazy\" decoding=\"async\" width=\"150\" height=\"150\" src=\"https:\/\/kleinespechte.de\/spechtblog\/wp-content\/uploads\/2015\/09\/20150919-P1300357-150x150.jpg\" class=\"attachment-thumbnail size-thumbnail\" alt=\"\" sizes=\"auto, 100vw\" \/><\/a>\n\t\t\t<\/div><\/figure>\n\t\t<\/div>\n\n<div class=\"pdfprnt-buttons pdfprnt-buttons-post pdfprnt-bottom-right\"><a href=\"https:\/\/kleinespechte.de\/spechtblog\/wp-json\/wp\/v2\/posts\/3389?print=print\" class=\"pdfprnt-button pdfprnt-button-print\" target=\"_blank\" ><img decoding=\"async\" src=\"https:\/\/kleinespechte.de\/spechtblog\/wp-content\/plugins\/pdf-print\/images\/print.png\" alt=\"image_print\" title=\"Inhalt drucken\" \/><\/a><\/div>","protected":false},"excerpt":{"rendered":"<p>Einschulungsfeier 2015 Am 19.9.15 gab es um 9.00Uhr einen stimmungsvollen Einschulungsgottesdienst in der evangelischen Kirche mit unserer Pfarrerin Frau Walter. Ihr standen die Viertkl\u00e4ssler tatkr\u00e4ftig zur Seite. Weiter ging es um 10.00Uhr in der Spechbacher Turnhalle. Hier f\u00fchrte Frau Tatschke stellvertretend f\u00fcr Herrn Keilhauer durch das bunte Programm. Zuerst gab es einen Willkommenskanon der Viertkl\u00e4ssler. &hellip; <\/p>\n<p class=\"link-more\"><a href=\"https:\/\/kleinespechte.de\/spechtblog\/09\/2015\/endlich-ein-schulkind\/\" class=\"more-link\"><span class=\"screen-reader-text\">\u201eEndlich ein Schulkind!\u201c <\/span>weiterlesen<\/a><\/p>\n","protected":false},"author":2,"featured_media":0,"comment_status":"closed","ping_status":"closed","sticky":false,"template":"","format":"standard","meta":{"footnotes":""},"categories":[1,40],"tags":[],"class_list":["post-3389","post","type-post","status-publish","format-standard","hentry","category-allgemein","category-eingeschult-15"],"_links":{"self":[{"href":"https:\/\/kleinespechte.de\/spechtblog\/wp-json\/wp\/v2\/posts\/3389","targetHints":{"allow":["GET"]}}],"collection":[{"href":"https:\/\/kleinespechte.de\/spechtblog\/wp-json\/wp\/v2\/posts"}],"about":[{"href":"https:\/\/kleinespechte.de\/spechtblog\/wp-json\/wp\/v2\/types\/post"}],"author":[{"embeddable":true,"href":"https:\/\/kleinespechte.de\/spechtblog\/wp-json\/wp\/v2\/users\/2"}],"replies":[{"embeddable":true,"href":"https:\/\/kleinespechte.de\/spechtblog\/wp-json\/wp\/v2\/comments?post=3389"}],"version-history":[{"count":2,"href":"https:\/\/kleinespechte.de\/spechtblog\/wp-json\/wp\/v2\/posts\/3389\/revisions"}],"predecessor-version":[{"id":3394,"href":"https:\/\/kleinespechte.de\/spechtblog\/wp-json\/wp\/v2\/posts\/3389\/revisions\/3394"}],"wp:attachment":[{"href":"https:\/\/kleinespechte.de\/spechtblog\/wp-json\/wp\/v2\/media?parent=3389"}],"wp:term":[{"taxonomy":"category","embeddable":true,"href":"https:\/\/kleinespechte.de\/spechtblog\/wp-json\/wp\/v2\/categories?post=3389"},{"taxonomy":"post_tag","embeddable":true,"href":"https:\/\/kleinespechte.de\/spechtblog\/wp-json\/wp\/v2\/tags?post=3389"}],"curies":[{"name":"wp","href":"https:\/\/api.w.org\/{rel}","templated":true}]}}