{"id":3439,"date":"2015-12-07T10:40:27","date_gmt":"2015-12-07T08:40:27","guid":{"rendered":"http:\/\/kleinespechte.de\/spechtblog\/?p=3439"},"modified":"2015-12-07T10:41:19","modified_gmt":"2015-12-07T08:41:19","slug":"adventsbesuch-aus-neidenstein","status":"publish","type":"post","link":"https:\/\/kleinespechte.de\/spechtblog\/12\/2015\/adventsbesuch-aus-neidenstein\/","title":{"rendered":"Adventsbesuch aus Neidenstein"},"content":{"rendered":"<p>F\u00fcr den 02.12.2015 hatte sich die Klasse 3 der Burgdorfschule Neidenstein zum Adventsbesuch in der VKL angek\u00fcndigt.<br \/>\nZur Vorbereitung bastelten wir eifrig weihnachtliche Fensterbilder und backten zusammen mit unseren flei\u00dfigen Helfern Frau Schmitt und Herrn Weigelt viele leckere Weihnachtspl\u00e4tzchen.<br \/>\nEin Teil wurde als Geschenke in kleine T\u00fcten verpackt und der Rest f\u00fcr adventliche Naschereien in einer Dose aufgehoben.<br \/>\nVoller Aufregung warteten die Kinder der VKL am Mittwoch auf ihren Besuch.<br \/>\nNach einer Vorstellungsrunde und einem Lied aus unserem Weihnachtsmusical &#8222;Samy&#8220; wurden die Kinder bei lustigen Spielen so richtig warm miteinander.<br \/>\nGegen Ende h\u00f6rten wir eine einfache Geschichte, warum wir uns an Weihnachten gegenseitig beschenken.<br \/>\nDies wurde nun in die Tat umgesetzt, denn auch die Neidensteiner Kinder hatten kleine Geschenke f\u00fcr uns vorbereitet.<br \/>\nReich beschenkt durch die Begegnung und die kleinen Aufmerksamkeiten, verbunden mit vielen guten W\u00fcnschen f\u00fcr die Fl\u00fcchtlingskinder, machten sich am Unterrichtsende alle Kinder gl\u00fccklich auf den Heimweg.<br \/>\nVielen Dank an die Klasse 3 der Burgdorfschule Neidenstein mit ihrer Lehrerin Frau Busse-G\u00f6hrig f\u00fcr diesen netten Besuch!<br \/>\n<a href=\"http:\/\/kleinespechte.de\/spechtblog\/wp-content\/uploads\/2015\/12\/DSCF4189__.jpg\" data-rel=\"lightbox-image-0\" data-magnific_type=\"image\" data-rl_title=\"\" data-rl_caption=\"\" title=\"\"><img loading=\"lazy\" decoding=\"async\" class=\"alignleft size-medium wp-image-3440\" src=\"http:\/\/kleinespechte.de\/spechtblog\/wp-content\/uploads\/2015\/12\/DSCF4189__-500x375.jpg\" alt=\"DSCF4189__\" width=\"500\" height=\"375\" srcset=\"https:\/\/kleinespechte.de\/spechtblog\/wp-content\/uploads\/2015\/12\/DSCF4189__-500x375.jpg 500w, https:\/\/kleinespechte.de\/spechtblog\/wp-content\/uploads\/2015\/12\/DSCF4189__.jpg 1024w\" sizes=\"auto, (max-width: 500px) 100vw, 500px\" \/><\/a><a href=\"http:\/\/kleinespechte.de\/spechtblog\/wp-content\/uploads\/2015\/12\/DSCF4201_.jpg\" data-rel=\"lightbox-image-1\" data-magnific_type=\"image\" data-rl_title=\"\" data-rl_caption=\"\" title=\"\"><img loading=\"lazy\" decoding=\"async\" class=\"alignleft size-medium wp-image-3442\" src=\"http:\/\/kleinespechte.de\/spechtblog\/wp-content\/uploads\/2015\/12\/DSCF4201_-500x375.jpg\" alt=\"DSCF4201_\" width=\"500\" height=\"375\" srcset=\"https:\/\/kleinespechte.de\/spechtblog\/wp-content\/uploads\/2015\/12\/DSCF4201_-500x375.jpg 500w, https:\/\/kleinespechte.de\/spechtblog\/wp-content\/uploads\/2015\/12\/DSCF4201_.jpg 1024w\" sizes=\"auto, (max-width: 500px) 100vw, 500px\" \/><\/a><\/p>\n<div class=\"pdfprnt-buttons pdfprnt-buttons-post pdfprnt-bottom-right\"><a href=\"https:\/\/kleinespechte.de\/spechtblog\/wp-json\/wp\/v2\/posts\/3439?print=print\" class=\"pdfprnt-button pdfprnt-button-print\" target=\"_blank\" ><img decoding=\"async\" src=\"https:\/\/kleinespechte.de\/spechtblog\/wp-content\/plugins\/pdf-print\/images\/print.png\" alt=\"image_print\" title=\"Inhalt drucken\" \/><\/a><\/div>","protected":false},"excerpt":{"rendered":"<p>F\u00fcr den 02.12.2015 hatte sich die Klasse 3 der Burgdorfschule Neidenstein zum Adventsbesuch in der VKL angek\u00fcndigt. Zur Vorbereitung bastelten wir eifrig weihnachtliche Fensterbilder und backten zusammen mit unseren flei\u00dfigen Helfern Frau Schmitt und Herrn Weigelt viele leckere Weihnachtspl\u00e4tzchen. Ein Teil wurde als Geschenke in kleine T\u00fcten verpackt und der Rest f\u00fcr adventliche Naschereien in &hellip; <\/p>\n<p class=\"link-more\"><a href=\"https:\/\/kleinespechte.de\/spechtblog\/12\/2015\/adventsbesuch-aus-neidenstein\/\" class=\"more-link\"><span class=\"screen-reader-text\">\u201eAdventsbesuch aus Neidenstein\u201c <\/span>weiterlesen<\/a><\/p>\n","protected":false},"author":2,"featured_media":0,"comment_status":"closed","ping_status":"closed","sticky":false,"template":"","format":"standard","meta":{"footnotes":""},"categories":[21],"tags":[],"class_list":["post-3439","post","type-post","status-publish","format-standard","hentry","category-vkl"],"_links":{"self":[{"href":"https:\/\/kleinespechte.de\/spechtblog\/wp-json\/wp\/v2\/posts\/3439","targetHints":{"allow":["GET"]}}],"collection":[{"href":"https:\/\/kleinespechte.de\/spechtblog\/wp-json\/wp\/v2\/posts"}],"about":[{"href":"https:\/\/kleinespechte.de\/spechtblog\/wp-json\/wp\/v2\/types\/post"}],"author":[{"embeddable":true,"href":"https:\/\/kleinespechte.de\/spechtblog\/wp-json\/wp\/v2\/users\/2"}],"replies":[{"embeddable":true,"href":"https:\/\/kleinespechte.de\/spechtblog\/wp-json\/wp\/v2\/comments?post=3439"}],"version-history":[{"count":2,"href":"https:\/\/kleinespechte.de\/spechtblog\/wp-json\/wp\/v2\/posts\/3439\/revisions"}],"predecessor-version":[{"id":3443,"href":"https:\/\/kleinespechte.de\/spechtblog\/wp-json\/wp\/v2\/posts\/3439\/revisions\/3443"}],"wp:attachment":[{"href":"https:\/\/kleinespechte.de\/spechtblog\/wp-json\/wp\/v2\/media?parent=3439"}],"wp:term":[{"taxonomy":"category","embeddable":true,"href":"https:\/\/kleinespechte.de\/spechtblog\/wp-json\/wp\/v2\/categories?post=3439"},{"taxonomy":"post_tag","embeddable":true,"href":"https:\/\/kleinespechte.de\/spechtblog\/wp-json\/wp\/v2\/tags?post=3439"}],"curies":[{"name":"wp","href":"https:\/\/api.w.org\/{rel}","templated":true}]}}