{"id":3702,"date":"2016-07-25T08:25:39","date_gmt":"2016-07-25T06:25:39","guid":{"rendered":"http:\/\/kleinespechte.de\/spechtblog\/?p=3702"},"modified":"2018-07-12T09:23:33","modified_gmt":"2018-07-12T07:23:33","slug":"regatta-am-bach","status":"publish","type":"post","link":"https:\/\/kleinespechte.de\/spechtblog\/07\/2016\/regatta-am-bach\/","title":{"rendered":"Regatta am Bach"},"content":{"rendered":"<p>Regatta am Bach<br \/>\nAm 18. Juli unternahmen wir eine Exkursion zum Lobenfelder Bach. Wir wanderten um 8:30 Uhr los. Auf dem Weg machten wir eine Pause an einem Spielplatz. Nach einer Stunde waren wir am Bach. Kurz darauf kam Herr Schumm. Er brachte unsere sch\u00f6nen Boote mit und unsere Wechselsachen. Danach setzten wir nacheinander unsere Boote ins Wasser. Wir staunten, wie toll sie schwammen. Wir probierten noch viel aus. Danach trockneten wir uns ab und gingen fr\u00fchst\u00fccken. Nach dem Fr\u00fchst\u00fcck gingen wir wieder ins Wasser.<br \/>\nEin paar Jungs schleppten nach einer Weile schwere gro\u00dfe Steine und bauten einen Staudamm. Sp\u00e4ter nahmen wir ein paar Steine raus und lie\u00dfen unsere Boote ein letztes Mal durch diese starke Str\u00f6mung schwimmen.\u00a0 Danach gingen wir aus dem Wasser, trockneten uns ab, zogen uns um und wanderten wieder zur\u00fcck zur Schule.<\/p>\n<p>Maurice, Klasse 2<br \/>\n<a href=\"http:\/\/kleinespechte.de\/spechtblog\/wp-content\/uploads\/2016\/07\/image1.jpeg\" data-rel=\"lightbox-image-0\" data-magnific_type=\"image\" data-rl_title=\"\" data-rl_caption=\"\" title=\"\"><img loading=\"lazy\" decoding=\"async\" class=\"alignleft size-thumbnail wp-image-3710\" src=\"http:\/\/kleinespechte.de\/spechtblog\/wp-content\/uploads\/2016\/07\/image1-150x150.jpeg\" alt=\"image1\" width=\"150\" height=\"150\" \/><\/a> <a href=\"http:\/\/kleinespechte.de\/spechtblog\/wp-content\/uploads\/2016\/07\/Resized_20160718_1059261.jpg\" data-rel=\"lightbox-image-1\" data-magnific_type=\"image\" data-rl_title=\"\" data-rl_caption=\"\" title=\"\"><img loading=\"lazy\" decoding=\"async\" class=\"alignleft size-thumbnail wp-image-3711\" src=\"http:\/\/kleinespechte.de\/spechtblog\/wp-content\/uploads\/2016\/07\/Resized_20160718_1059261-150x150.jpg\" alt=\"Resized_20160718_1059261\" width=\"150\" height=\"150\" \/><\/a><\/p>\n<div class=\"pdfprnt-buttons pdfprnt-buttons-post pdfprnt-bottom-right\"><a href=\"https:\/\/kleinespechte.de\/spechtblog\/wp-json\/wp\/v2\/posts\/3702?print=print\" class=\"pdfprnt-button pdfprnt-button-print\" target=\"_blank\" ><img decoding=\"async\" src=\"https:\/\/kleinespechte.de\/spechtblog\/wp-content\/plugins\/pdf-print\/images\/print.png\" alt=\"image_print\" title=\"Inhalt drucken\" \/><\/a><\/div>","protected":false},"excerpt":{"rendered":"<p>Regatta am Bach Am 18. Juli unternahmen wir eine Exkursion zum Lobenfelder Bach. Wir wanderten um 8:30 Uhr los. Auf dem Weg machten wir eine Pause an einem Spielplatz. Nach einer Stunde waren wir am Bach. Kurz darauf kam Herr Schumm. Er brachte unsere sch\u00f6nen Boote mit und unsere Wechselsachen. Danach setzten wir nacheinander unsere &hellip; <\/p>\n<p class=\"link-more\"><a href=\"https:\/\/kleinespechte.de\/spechtblog\/07\/2016\/regatta-am-bach\/\" class=\"more-link\"><span class=\"screen-reader-text\">\u201eRegatta am Bach\u201c <\/span>weiterlesen<\/a><\/p>\n","protected":false},"author":2,"featured_media":0,"comment_status":"closed","ping_status":"closed","sticky":false,"template":"","format":"standard","meta":{"footnotes":""},"categories":[39],"tags":[],"class_list":["post-3702","post","type-post","status-publish","format-standard","hentry","category-eingeschult-14"],"_links":{"self":[{"href":"https:\/\/kleinespechte.de\/spechtblog\/wp-json\/wp\/v2\/posts\/3702","targetHints":{"allow":["GET"]}}],"collection":[{"href":"https:\/\/kleinespechte.de\/spechtblog\/wp-json\/wp\/v2\/posts"}],"about":[{"href":"https:\/\/kleinespechte.de\/spechtblog\/wp-json\/wp\/v2\/types\/post"}],"author":[{"embeddable":true,"href":"https:\/\/kleinespechte.de\/spechtblog\/wp-json\/wp\/v2\/users\/2"}],"replies":[{"embeddable":true,"href":"https:\/\/kleinespechte.de\/spechtblog\/wp-json\/wp\/v2\/comments?post=3702"}],"version-history":[{"count":3,"href":"https:\/\/kleinespechte.de\/spechtblog\/wp-json\/wp\/v2\/posts\/3702\/revisions"}],"predecessor-version":[{"id":3712,"href":"https:\/\/kleinespechte.de\/spechtblog\/wp-json\/wp\/v2\/posts\/3702\/revisions\/3712"}],"wp:attachment":[{"href":"https:\/\/kleinespechte.de\/spechtblog\/wp-json\/wp\/v2\/media?parent=3702"}],"wp:term":[{"taxonomy":"category","embeddable":true,"href":"https:\/\/kleinespechte.de\/spechtblog\/wp-json\/wp\/v2\/categories?post=3702"},{"taxonomy":"post_tag","embeddable":true,"href":"https:\/\/kleinespechte.de\/spechtblog\/wp-json\/wp\/v2\/tags?post=3702"}],"curies":[{"name":"wp","href":"https:\/\/api.w.org\/{rel}","templated":true}]}}