{"id":4509,"date":"2019-10-08T09:43:55","date_gmt":"2019-10-08T07:43:55","guid":{"rendered":"http:\/\/kleinespechte.de\/spechtblog\/?p=4509"},"modified":"2019-12-05T13:05:51","modified_gmt":"2019-12-05T11:05:51","slug":"4509","status":"publish","type":"post","link":"https:\/\/kleinespechte.de\/spechtblog\/10\/2019\/4509\/","title":{"rendered":"Die Klasse 3 stellt Apfelsaft her"},"content":{"rendered":"<p style=\"text-align: left;\">Die Klasse 3 stellt Apfelsaft her<br \/>\n<a href=\"http:\/\/kleinespechte.de\/spechtblog\/wp-content\/uploads\/2019\/10\/20190927_101235.jpg\" data-rel=\"lightbox-image-0\" data-magnific_type=\"image\" data-rl_title=\"\" data-rl_caption=\"\" title=\"\"><img loading=\"lazy\" decoding=\"async\" class=\"alignleft wp-image-4510\" src=\"http:\/\/kleinespechte.de\/spechtblog\/wp-content\/uploads\/2019\/10\/20190927_101235-500x281.jpg\" alt=\"\" width=\"250\" height=\"141\" srcset=\"https:\/\/kleinespechte.de\/spechtblog\/wp-content\/uploads\/2019\/10\/20190927_101235-500x281.jpg 500w, https:\/\/kleinespechte.de\/spechtblog\/wp-content\/uploads\/2019\/10\/20190927_101235-768x432.jpg 768w, https:\/\/kleinespechte.de\/spechtblog\/wp-content\/uploads\/2019\/10\/20190927_101235.jpg 1024w\" sizes=\"auto, (max-width: 250px) 100vw, 250px\" \/><\/a>Am Mittwoch, den 25.9.19 machte sich die Klasse 3 trotz schlechten Wetters mit ihren Lehrern Herrn Keilhauer und Frau Rodriguez auf den Weg, um \u00c4pfel zu sammeln. Gleich zu Beginn wurden wir alle von einem ziemlich starken Regenguss \u00fcberrascht, sodass wir unter einem Vordach Schutz suchten. Nach einiger Zeit wurde es besser und wir marschierten gutgelaunt weiter. Endlich angekommen, begannen alle Kinder eifrig zu sammeln. Nach anstrengenden, anderthalb Stunden waren alle S\u00e4cke gef\u00fcllt und wir kehrten erledigt, aber zufrieden in die Schule zur\u00fcck. Am Freitag ging es nach Wiesenbach, wo die mobile Mosterei von der Diakonie Schwarzach die \u00c4pfel zu einem feinen Saft presste. Alle Kinder verfolgten gespannt die einzelnen Schritte und zum Schluss durfte jeder einen Becher des k\u00f6stlichen Saftes genie\u00dfen. Leider gab es auch hier einen ziemlichen Regenguss und wir mussten deswegen fr\u00fchzeitig aufbrechen. Dennoch war es eine tolle Aktion, dank Herrn Keilhauer, der alles organisierte, dem Bauhof, der uns wie immer toll unterst\u00fctzte.<br \/>\nAu\u00dferdem ein herzliches Dankesch\u00f6n an die Familie Meister, die uns ihre \u00c4pfel \u00fcberlie\u00df.<br \/>\nUnd zu guter Letzt:<br \/>\nDanke an den F\u00f6rderverein, der die Produktionskosten \u00fcbernimmt, sodass der Erl\u00f6s komplett f\u00fcr die Kinder verwendet werden kann.<\/p>\n<div class=\"pdfprnt-buttons pdfprnt-buttons-post pdfprnt-bottom-right\"><a href=\"https:\/\/kleinespechte.de\/spechtblog\/wp-json\/wp\/v2\/posts\/4509?print=print\" class=\"pdfprnt-button pdfprnt-button-print\" target=\"_blank\" ><img decoding=\"async\" src=\"https:\/\/kleinespechte.de\/spechtblog\/wp-content\/plugins\/pdf-print\/images\/print.png\" alt=\"image_print\" title=\"Inhalt drucken\" \/><\/a><\/div>","protected":false},"excerpt":{"rendered":"<p>Die Klasse 3 stellt Apfelsaft her Am Mittwoch, den 25.9.19 machte sich die Klasse 3 trotz schlechten Wetters mit ihren Lehrern Herrn Keilhauer und Frau Rodriguez auf den Weg, um \u00c4pfel zu sammeln. Gleich zu Beginn wurden wir alle von einem ziemlich starken Regenguss \u00fcberrascht, sodass wir unter einem Vordach Schutz suchten. Nach einiger Zeit &hellip; <\/p>\n<p class=\"link-more\"><a href=\"https:\/\/kleinespechte.de\/spechtblog\/10\/2019\/4509\/\" class=\"more-link\"><span class=\"screen-reader-text\">\u201eDie Klasse 3 stellt Apfelsaft her\u201c <\/span>weiterlesen<\/a><\/p>\n","protected":false},"author":3,"featured_media":0,"comment_status":"closed","ping_status":"closed","sticky":false,"template":"","format":"standard","meta":{"footnotes":""},"categories":[38],"tags":[],"class_list":["post-4509","post","type-post","status-publish","format-standard","hentry","category-eingeschult-17"],"_links":{"self":[{"href":"https:\/\/kleinespechte.de\/spechtblog\/wp-json\/wp\/v2\/posts\/4509","targetHints":{"allow":["GET"]}}],"collection":[{"href":"https:\/\/kleinespechte.de\/spechtblog\/wp-json\/wp\/v2\/posts"}],"about":[{"href":"https:\/\/kleinespechte.de\/spechtblog\/wp-json\/wp\/v2\/types\/post"}],"author":[{"embeddable":true,"href":"https:\/\/kleinespechte.de\/spechtblog\/wp-json\/wp\/v2\/users\/3"}],"replies":[{"embeddable":true,"href":"https:\/\/kleinespechte.de\/spechtblog\/wp-json\/wp\/v2\/comments?post=4509"}],"version-history":[{"count":6,"href":"https:\/\/kleinespechte.de\/spechtblog\/wp-json\/wp\/v2\/posts\/4509\/revisions"}],"predecessor-version":[{"id":4516,"href":"https:\/\/kleinespechte.de\/spechtblog\/wp-json\/wp\/v2\/posts\/4509\/revisions\/4516"}],"wp:attachment":[{"href":"https:\/\/kleinespechte.de\/spechtblog\/wp-json\/wp\/v2\/media?parent=4509"}],"wp:term":[{"taxonomy":"category","embeddable":true,"href":"https:\/\/kleinespechte.de\/spechtblog\/wp-json\/wp\/v2\/categories?post=4509"},{"taxonomy":"post_tag","embeddable":true,"href":"https:\/\/kleinespechte.de\/spechtblog\/wp-json\/wp\/v2\/tags?post=4509"}],"curies":[{"name":"wp","href":"https:\/\/api.w.org\/{rel}","templated":true}]}}