{"id":4517,"date":"2019-12-09T11:42:18","date_gmt":"2019-12-09T09:42:18","guid":{"rendered":"http:\/\/kleinespechte.de\/spechtblog\/?p=4517"},"modified":"2019-12-09T12:42:07","modified_gmt":"2019-12-09T10:42:07","slug":"weihnachtsmusical-2019","status":"publish","type":"post","link":"https:\/\/kleinespechte.de\/spechtblog\/12\/2019\/weihnachtsmusical-2019\/","title":{"rendered":"Weihnachtsmusical 2019:"},"content":{"rendered":"<p><strong>Weihnachtsmusical der Grundschule:<\/strong><\/p>\n<p><strong>F\u00fcnf Brote und zwei Fische zu Weihnachten <\/strong><\/p>\n<p>&#8218;F\u00fcnf Brote und zwei Fische zu Weihnachten&#8216; erz\u00e4hlt die Weihnachtsgeschichte wie wir sie eigentlich alle schon kennen \u2013 und doch ganz anders. Erst \u00fcber 30 Jahre sp\u00e4ter erz\u00e4hlt ein Hirte, der selbst dabei war, als die Engel auf dem Feld von Jesu Geburt sangen, seinem Enkel Benjamin die Geschichte. Der kleine Junge war gerade selbst einem ganz besonderen Menschen begegnet und war von &#8218;diesem Jesus&#8216; einfach fasziniert. Jesus war anders als jeder andere Erwachsene, den er kennen gelernt hatte. Jesus nahm sich Zeit &#8211; selbst f\u00fcr Kinder &#8211; und hatte ein offenes Ohr f\u00fcr jeden. Mit eigenen Augen hatte Benjamin das Wunder der Brotvermehrung mit zwei Fischen und f\u00fcnf Broten und vieles mehr erlebt.<\/p>\n<p>Der Hirte erf\u00e4hrt, dass die frohe Botschaft, die er vor vielen Jahren auf dem Feld geh\u00f6rt hatte, nun doch endlich wahr wird. Oft hatte er an diese besondere Nacht, die Engel, den Stall und das Kind in der Krippe zur\u00fcckgedacht. Nun erlebt er selbst, wie sich alles erf\u00fcllt, was die Engel, die Weisen aus dem Morgenland und die alten Schriften vorausgesagt haben.<\/p>\n<p>Die Weihnachtsgeschichte, ber\u00fchrend und herzerfrischend aufgef\u00fchrt von den Kindern der Grundschule Spechbach <strong>am Freitag, den 13. Dezember um 17.00 Uhr<\/strong> in der Turnhalle Spechbach.<\/p>\n<p>Hierzu sind Sie alle herzlich eingeladen, der Eintritt ist frei.<\/p>\n<p style=\"text-align: center;\"><img loading=\"lazy\" decoding=\"async\" src=\"https:\/\/abakusmusik.de\/media\/catalog\/product\/cache\/1\/small_image\/315x315\/17f82f742ffe127f42dca9de82fb58b1\/9\/1\/91-330_fuenf_brote_und_zwei_fische_zu_weihnachten_3000px_rgb_q.jpg\" width=\"315\" height=\"315\" \/><\/p>\n<div class=\"pdfprnt-buttons pdfprnt-buttons-post pdfprnt-bottom-right\"><a href=\"https:\/\/kleinespechte.de\/spechtblog\/wp-json\/wp\/v2\/posts\/4517?print=print\" class=\"pdfprnt-button pdfprnt-button-print\" target=\"_blank\" ><img decoding=\"async\" src=\"https:\/\/kleinespechte.de\/spechtblog\/wp-content\/plugins\/pdf-print\/images\/print.png\" alt=\"image_print\" title=\"Inhalt drucken\" \/><\/a><\/div>","protected":false},"excerpt":{"rendered":"<p>Weihnachtsmusical der Grundschule: F\u00fcnf Brote und zwei Fische zu Weihnachten &#8218;F\u00fcnf Brote und zwei Fische zu Weihnachten&#8216; erz\u00e4hlt die Weihnachtsgeschichte wie wir sie eigentlich alle schon kennen \u2013 und doch ganz anders. Erst \u00fcber 30 Jahre sp\u00e4ter erz\u00e4hlt ein Hirte, der selbst dabei war, als die Engel auf dem Feld von Jesu Geburt sangen, seinem &hellip; <\/p>\n<p class=\"link-more\"><a href=\"https:\/\/kleinespechte.de\/spechtblog\/12\/2019\/weihnachtsmusical-2019\/\" class=\"more-link\"><span class=\"screen-reader-text\">\u201eWeihnachtsmusical 2019:\u201c <\/span>weiterlesen<\/a><\/p>\n","protected":false},"author":4,"featured_media":0,"comment_status":"closed","ping_status":"closed","sticky":false,"template":"","format":"standard","meta":{"footnotes":""},"categories":[1],"tags":[],"class_list":["post-4517","post","type-post","status-publish","format-standard","hentry","category-allgemein"],"_links":{"self":[{"href":"https:\/\/kleinespechte.de\/spechtblog\/wp-json\/wp\/v2\/posts\/4517","targetHints":{"allow":["GET"]}}],"collection":[{"href":"https:\/\/kleinespechte.de\/spechtblog\/wp-json\/wp\/v2\/posts"}],"about":[{"href":"https:\/\/kleinespechte.de\/spechtblog\/wp-json\/wp\/v2\/types\/post"}],"author":[{"embeddable":true,"href":"https:\/\/kleinespechte.de\/spechtblog\/wp-json\/wp\/v2\/users\/4"}],"replies":[{"embeddable":true,"href":"https:\/\/kleinespechte.de\/spechtblog\/wp-json\/wp\/v2\/comments?post=4517"}],"version-history":[{"count":2,"href":"https:\/\/kleinespechte.de\/spechtblog\/wp-json\/wp\/v2\/posts\/4517\/revisions"}],"predecessor-version":[{"id":4519,"href":"https:\/\/kleinespechte.de\/spechtblog\/wp-json\/wp\/v2\/posts\/4517\/revisions\/4519"}],"wp:attachment":[{"href":"https:\/\/kleinespechte.de\/spechtblog\/wp-json\/wp\/v2\/media?parent=4517"}],"wp:term":[{"taxonomy":"category","embeddable":true,"href":"https:\/\/kleinespechte.de\/spechtblog\/wp-json\/wp\/v2\/categories?post=4517"},{"taxonomy":"post_tag","embeddable":true,"href":"https:\/\/kleinespechte.de\/spechtblog\/wp-json\/wp\/v2\/tags?post=4517"}],"curies":[{"name":"wp","href":"https:\/\/api.w.org\/{rel}","templated":true}]}}