{"id":4865,"date":"2022-07-26T12:05:46","date_gmt":"2022-07-26T10:05:46","guid":{"rendered":"https:\/\/kleinespechte.de\/spechtblog\/?p=4865"},"modified":"2022-07-26T12:06:41","modified_gmt":"2022-07-26T10:06:41","slug":"grundschulfoerderverein-freut-sich-ueber-zwei-gelungene-veranstaltungen-nach-langer-pause","status":"publish","type":"post","link":"https:\/\/kleinespechte.de\/spechtblog\/07\/2022\/grundschulfoerderverein-freut-sich-ueber-zwei-gelungene-veranstaltungen-nach-langer-pause\/","title":{"rendered":"Grundschulf\u00f6rderverein freut sich \u00fcber zwei gelungene Veranstaltungen nach langer Pause"},"content":{"rendered":"<p>Der F\u00f6rderverein der Grundschule Spechbach &#8222;Die Nachsitzer&#8220; e.V. durfte endlich wieder aktiv sein f\u00fcr die Kinder der Grundschule.<br \/>\nAm Freitag, 08. Juli 2022, \u00fcbernahm der Verein mit Unterst\u00fctzung vieler flei\u00dfiger Helferinnen und Helfer die <strong>Bewirtung bei der Oldtimer-Rallye Heidelberg Historic<\/strong>. Bei strahlendem Sonnenschein wurde der Verkauf von frisch Gegrilltem und von Getr\u00e4nken ein voller Erfolg. Die Einnahmen kommen wieder vollst\u00e4ndig den Kindern der Grundschule Spechbach zugute. Nach langer Corona-Pause k\u00f6nnen hier jetzt wieder Projekte stattfinden, die der F\u00f6rderverein finanziert.<br \/>\nSo fand im Fr\u00fchling ein Trommelprojekt f\u00fcr alle Sch\u00fclerinnen und Sch\u00fcler statt.<br \/>\nAm vergangenen Samstag richtete der Verein dann gemeinsam mit der Schule ein <strong>Sommerfest f\u00fcr die Schulkinder und deren Familien<\/strong> aus. So konnten sich alle noch besser kennen lernen und bei leckeren Speisen und Getr\u00e4nken einen wundersch\u00f6nen Tag miteinander verbringen. Verschiedene Stationen und Aktivit\u00e4ten f\u00fcr die Kinder lie\u00dfen die gemeinsamen Stunden wie im Flug vergehen.<\/p>\n<p>Bei beiden Veranstaltungen hatten wir zahlreiche flei\u00dfige Helferinnen und Helfer sowie Unterst\u00fctzer. Ihnen allen danken wir herzlich. Durch ihre Hilfe k\u00f6nnen die Veranstaltungen realisiert und die beschriebenen Projekte, aber auch Pausenspiele und vieles mehr finanziert werden.<\/p>\n<p>Nach diesem gelungenen Schuljahresabschluss w\u00fcnschen wir nun allen Schulkindern, Eltern, den Lehrkr\u00e4ften und allen Mitgliedern und Unterst\u00fctzern unseres Vereins einen guten Start in die Sommerferien und eine erholsame Zeit!<\/p>\n<p>Der Vorstand des F\u00f6rdervereins<\/p>\n<p>\u201eDie Nachsitzer\u201c e.V.<\/p>\n<p><strong>\u00a0<\/strong><a href=\"https:\/\/kleinespechte.de\/spechtblog\/wp-content\/uploads\/2022\/07\/Schulfest-Singen.jpg\" data-rel=\"lightbox-image-0\" data-magnific_type=\"image\" data-rl_title=\"\" data-rl_caption=\"\" title=\"\"><img loading=\"lazy\" decoding=\"async\" class=\"alignleft size-thumbnail wp-image-4867\" src=\"https:\/\/kleinespechte.de\/spechtblog\/wp-content\/uploads\/2022\/07\/Schulfest-Singen-150x150.jpg\" alt=\"\" width=\"150\" height=\"150\" srcset=\"https:\/\/kleinespechte.de\/spechtblog\/wp-content\/uploads\/2022\/07\/Schulfest-Singen-150x150.jpg 150w, https:\/\/kleinespechte.de\/spechtblog\/wp-content\/uploads\/2022\/07\/Schulfest-Singen-100x100.jpg 100w\" sizes=\"auto, (max-width: 150px) 100vw, 150px\" \/><\/a> <a href=\"https:\/\/kleinespechte.de\/spechtblog\/wp-content\/uploads\/2022\/07\/Schulfest-Turnhalle.jpg\" data-rel=\"lightbox-image-1\" data-magnific_type=\"image\" data-rl_title=\"\" data-rl_caption=\"\" title=\"\"><img loading=\"lazy\" decoding=\"async\" class=\"alignleft size-thumbnail wp-image-4868\" src=\"https:\/\/kleinespechte.de\/spechtblog\/wp-content\/uploads\/2022\/07\/Schulfest-Turnhalle-150x150.jpg\" alt=\"\" width=\"150\" height=\"150\" srcset=\"https:\/\/kleinespechte.de\/spechtblog\/wp-content\/uploads\/2022\/07\/Schulfest-Turnhalle-150x150.jpg 150w, https:\/\/kleinespechte.de\/spechtblog\/wp-content\/uploads\/2022\/07\/Schulfest-Turnhalle-100x100.jpg 100w\" sizes=\"auto, (max-width: 150px) 100vw, 150px\" \/><\/a><\/p>\n<div class=\"pdfprnt-buttons pdfprnt-buttons-post pdfprnt-bottom-right\"><a href=\"https:\/\/kleinespechte.de\/spechtblog\/wp-json\/wp\/v2\/posts\/4865?print=print\" class=\"pdfprnt-button pdfprnt-button-print\" target=\"_blank\" ><img decoding=\"async\" src=\"https:\/\/kleinespechte.de\/spechtblog\/wp-content\/plugins\/pdf-print\/images\/print.png\" alt=\"image_print\" title=\"Inhalt drucken\" \/><\/a><\/div>","protected":false},"excerpt":{"rendered":"<p>Der F\u00f6rderverein der Grundschule Spechbach &#8222;Die Nachsitzer&#8220; e.V. durfte endlich wieder aktiv sein f\u00fcr die Kinder der Grundschule. Am Freitag, 08. Juli 2022, \u00fcbernahm der Verein mit Unterst\u00fctzung vieler flei\u00dfiger Helferinnen und Helfer die Bewirtung bei der Oldtimer-Rallye Heidelberg Historic. Bei strahlendem Sonnenschein wurde der Verkauf von frisch Gegrilltem und von Getr\u00e4nken ein voller Erfolg. &hellip; <\/p>\n<p class=\"link-more\"><a href=\"https:\/\/kleinespechte.de\/spechtblog\/07\/2022\/grundschulfoerderverein-freut-sich-ueber-zwei-gelungene-veranstaltungen-nach-langer-pause\/\" class=\"more-link\"><span class=\"screen-reader-text\">\u201eGrundschulf\u00f6rderverein freut sich \u00fcber zwei gelungene Veranstaltungen nach langer Pause\u201c <\/span>weiterlesen<\/a><\/p>\n","protected":false},"author":2,"featured_media":0,"comment_status":"closed","ping_status":"closed","sticky":false,"template":"","format":"standard","meta":{"footnotes":""},"categories":[1],"tags":[],"class_list":["post-4865","post","type-post","status-publish","format-standard","hentry","category-allgemein"],"_links":{"self":[{"href":"https:\/\/kleinespechte.de\/spechtblog\/wp-json\/wp\/v2\/posts\/4865","targetHints":{"allow":["GET"]}}],"collection":[{"href":"https:\/\/kleinespechte.de\/spechtblog\/wp-json\/wp\/v2\/posts"}],"about":[{"href":"https:\/\/kleinespechte.de\/spechtblog\/wp-json\/wp\/v2\/types\/post"}],"author":[{"embeddable":true,"href":"https:\/\/kleinespechte.de\/spechtblog\/wp-json\/wp\/v2\/users\/2"}],"replies":[{"embeddable":true,"href":"https:\/\/kleinespechte.de\/spechtblog\/wp-json\/wp\/v2\/comments?post=4865"}],"version-history":[{"count":2,"href":"https:\/\/kleinespechte.de\/spechtblog\/wp-json\/wp\/v2\/posts\/4865\/revisions"}],"predecessor-version":[{"id":4869,"href":"https:\/\/kleinespechte.de\/spechtblog\/wp-json\/wp\/v2\/posts\/4865\/revisions\/4869"}],"wp:attachment":[{"href":"https:\/\/kleinespechte.de\/spechtblog\/wp-json\/wp\/v2\/media?parent=4865"}],"wp:term":[{"taxonomy":"category","embeddable":true,"href":"https:\/\/kleinespechte.de\/spechtblog\/wp-json\/wp\/v2\/categories?post=4865"},{"taxonomy":"post_tag","embeddable":true,"href":"https:\/\/kleinespechte.de\/spechtblog\/wp-json\/wp\/v2\/tags?post=4865"}],"curies":[{"name":"wp","href":"https:\/\/api.w.org\/{rel}","templated":true}]}}