{"id":4875,"date":"2022-11-10T10:39:10","date_gmt":"2022-11-10T08:39:10","guid":{"rendered":"https:\/\/kleinespechte.de\/spechtblog\/?p=4875"},"modified":"2023-01-15T09:47:13","modified_gmt":"2023-01-15T07:47:13","slug":"klasse-4-apfelsaft-grossproduktion","status":"publish","type":"post","link":"https:\/\/kleinespechte.de\/spechtblog\/11\/2022\/klasse-4-apfelsaft-grossproduktion\/","title":{"rendered":"Klasse 4. Apfelsaft Gro\u00dfproduktion"},"content":{"rendered":"<p><a href=\"https:\/\/kleinespechte.de\/spechtblog\/wp-content\/uploads\/2022\/11\/IMG-20221014-WA0002.jpg\" data-rel=\"lightbox-image-0\" data-magnific_type=\"image\" data-rl_title=\"\" data-rl_caption=\"\" title=\"\"><img loading=\"lazy\" decoding=\"async\" class=\"alignleft size-thumbnail wp-image-4888\" src=\"https:\/\/kleinespechte.de\/spechtblog\/wp-content\/uploads\/2022\/11\/IMG-20221014-WA0002-150x150.jpg\" alt=\"\" width=\"150\" height=\"150\" srcset=\"https:\/\/kleinespechte.de\/spechtblog\/wp-content\/uploads\/2022\/11\/IMG-20221014-WA0002-150x150.jpg 150w, https:\/\/kleinespechte.de\/spechtblog\/wp-content\/uploads\/2022\/11\/IMG-20221014-WA0002-100x100.jpg 100w\" sizes=\"auto, (max-width: 150px) 100vw, 150px\" \/><\/a>Am vergangenen Donnerstag machte sich die Klasse 4 mit ihren Lehrern Herrn Keilhauer und Frau Rodriguez auf den Weg, um \u00c4pfel zu lesen. Endlich angekommen, begannen alle Kinder eifrig zu sammeln. Nach anstrengenden zwei Stunden waren alle S\u00e4cke gef\u00fcllt und man kehrte ersch\u00f6pft, aber zufrieden in die Schule zur\u00fcck. Am Freitag fuhr die ganze Klasse nach Baiertal, wo die \u00c4pfel zu einem feinen Saft gepresst wurden. Alle Kinder verfolgten gespannt die einzelnen Schritte. Beim Kartonfalten und Tragen des Saftes wurde tatkr\u00e4ftig mitangefasst. Zur\u00fcck in der Schule durfte jeder einen Becher des k\u00f6stlichen Saftes genie\u00dfen. Insgesamt war es eine gro\u00dfartige Aktion, dank Herrn Keilhauer, der alles organisierte und dem Bauhof, der uns wie immer toll unterst\u00fctzte.<br \/>\nAu\u00dferdem ein herzliches Dankesch\u00f6n an die Familie Meister, die uns ihre \u00c4pfel zum Sammeln \u00fcberlie\u00df.<\/p>\n<p>Wir verkaufen den Saft am Freitag, den 28.10.2022 ab 12.15 Uhr vor der Schule. Der Reinerl\u00f6s geht in die Klassenkasse der Klasse 4.<\/p>\n<div class=\"pdfprnt-buttons pdfprnt-buttons-post pdfprnt-bottom-right\"><a href=\"https:\/\/kleinespechte.de\/spechtblog\/wp-json\/wp\/v2\/posts\/4875?print=print\" class=\"pdfprnt-button pdfprnt-button-print\" target=\"_blank\" ><img decoding=\"async\" src=\"https:\/\/kleinespechte.de\/spechtblog\/wp-content\/plugins\/pdf-print\/images\/print.png\" alt=\"image_print\" title=\"Inhalt drucken\" \/><\/a><\/div>","protected":false},"excerpt":{"rendered":"<p>Am vergangenen Donnerstag machte sich die Klasse 4 mit ihren Lehrern Herrn Keilhauer und Frau Rodriguez auf den Weg, um \u00c4pfel zu lesen. Endlich angekommen, begannen alle Kinder eifrig zu sammeln. Nach anstrengenden zwei Stunden waren alle S\u00e4cke gef\u00fcllt und man kehrte ersch\u00f6pft, aber zufrieden in die Schule zur\u00fcck. Am Freitag fuhr die ganze Klasse &hellip; <\/p>\n<p class=\"link-more\"><a href=\"https:\/\/kleinespechte.de\/spechtblog\/11\/2022\/klasse-4-apfelsaft-grossproduktion\/\" class=\"more-link\"><span class=\"screen-reader-text\">\u201eKlasse 4. Apfelsaft Gro\u00dfproduktion\u201c <\/span>weiterlesen<\/a><\/p>\n","protected":false},"author":4,"featured_media":0,"comment_status":"closed","ping_status":"closed","sticky":false,"template":"","format":"standard","meta":{"footnotes":""},"categories":[1],"tags":[],"class_list":["post-4875","post","type-post","status-publish","format-standard","hentry","category-allgemein"],"_links":{"self":[{"href":"https:\/\/kleinespechte.de\/spechtblog\/wp-json\/wp\/v2\/posts\/4875","targetHints":{"allow":["GET"]}}],"collection":[{"href":"https:\/\/kleinespechte.de\/spechtblog\/wp-json\/wp\/v2\/posts"}],"about":[{"href":"https:\/\/kleinespechte.de\/spechtblog\/wp-json\/wp\/v2\/types\/post"}],"author":[{"embeddable":true,"href":"https:\/\/kleinespechte.de\/spechtblog\/wp-json\/wp\/v2\/users\/4"}],"replies":[{"embeddable":true,"href":"https:\/\/kleinespechte.de\/spechtblog\/wp-json\/wp\/v2\/comments?post=4875"}],"version-history":[{"count":2,"href":"https:\/\/kleinespechte.de\/spechtblog\/wp-json\/wp\/v2\/posts\/4875\/revisions"}],"predecessor-version":[{"id":4889,"href":"https:\/\/kleinespechte.de\/spechtblog\/wp-json\/wp\/v2\/posts\/4875\/revisions\/4889"}],"wp:attachment":[{"href":"https:\/\/kleinespechte.de\/spechtblog\/wp-json\/wp\/v2\/media?parent=4875"}],"wp:term":[{"taxonomy":"category","embeddable":true,"href":"https:\/\/kleinespechte.de\/spechtblog\/wp-json\/wp\/v2\/categories?post=4875"},{"taxonomy":"post_tag","embeddable":true,"href":"https:\/\/kleinespechte.de\/spechtblog\/wp-json\/wp\/v2\/tags?post=4875"}],"curies":[{"name":"wp","href":"https:\/\/api.w.org\/{rel}","templated":true}]}}