{"id":4894,"date":"2023-02-14T14:43:56","date_gmt":"2023-02-14T12:43:56","guid":{"rendered":"https:\/\/kleinespechte.de\/spechtblog\/?p=4894"},"modified":"2023-02-14T14:45:15","modified_gmt":"2023-02-14T12:45:15","slug":"endlich-wieder-lecker","status":"publish","type":"post","link":"https:\/\/kleinespechte.de\/spechtblog\/02\/2023\/endlich-wieder-lecker\/","title":{"rendered":"Endlich wieder &#8230;LECKER!"},"content":{"rendered":"<p><a href=\"https:\/\/kleinespechte.de\/spechtblog\/02\/2023\/endlich-wieder-lecker\/20221107_100922\/\" rel=\"attachment wp-att-4897\"><img loading=\"lazy\" decoding=\"async\" class=\"aligncenter size-medium wp-image-4897\" src=\"https:\/\/kleinespechte.de\/spechtblog\/wp-content\/uploads\/2023\/02\/20221107_100922-500x375.jpg\" alt=\"\" width=\"500\" height=\"375\" srcset=\"https:\/\/kleinespechte.de\/spechtblog\/wp-content\/uploads\/2023\/02\/20221107_100922-500x375.jpg 500w, https:\/\/kleinespechte.de\/spechtblog\/wp-content\/uploads\/2023\/02\/20221107_100922-1024x768.jpg 1024w, https:\/\/kleinespechte.de\/spechtblog\/wp-content\/uploads\/2023\/02\/20221107_100922-768x576.jpg 768w, https:\/\/kleinespechte.de\/spechtblog\/wp-content\/uploads\/2023\/02\/20221107_100922-1536x1152.jpg 1536w, https:\/\/kleinespechte.de\/spechtblog\/wp-content\/uploads\/2023\/02\/20221107_100922-2048x1536.jpg 2048w\" sizes=\"auto, (max-width: 500px) 100vw, 500px\" \/><\/a><\/p>\n<p>Seit diesem Schuljahr ist das traditionelle gemeinsame Fr\u00fchst\u00fcck wieder fester Bestandteil der Grundschule.<\/p>\n<p>Frau Walter zaubert gemeinsam mit einer wechselnden Kleingruppe von Sch\u00fclern einmal w\u00f6chentlich ein Fr\u00fchst\u00fccksbuffet f\u00fcr alle Kinder. Hier gibt es alles, was Kindern schmeckt &#8211; und jede Woche eine warme \u00dcberraschungsk\u00f6stlichkeit, die man oft im ganzen Haus riechen kann und bei\u00a0 den Kindern Vorfreude auf die Fr\u00fchst\u00fcckspause weckt. ..<\/p>\n<p><a href=\"https:\/\/kleinespechte.de\/spechtblog\/02\/2023\/endlich-wieder-lecker\/20221107_100919\/\" rel=\"attachment wp-att-4898\"><img loading=\"lazy\" decoding=\"async\" class=\"aligncenter size-medium wp-image-4898\" src=\"https:\/\/kleinespechte.de\/spechtblog\/wp-content\/uploads\/2023\/02\/20221107_100919-375x500.jpg\" alt=\"\" width=\"375\" height=\"500\" srcset=\"https:\/\/kleinespechte.de\/spechtblog\/wp-content\/uploads\/2023\/02\/20221107_100919-375x500.jpg 375w, https:\/\/kleinespechte.de\/spechtblog\/wp-content\/uploads\/2023\/02\/20221107_100919-768x1024.jpg 768w, https:\/\/kleinespechte.de\/spechtblog\/wp-content\/uploads\/2023\/02\/20221107_100919-1152x1536.jpg 1152w, https:\/\/kleinespechte.de\/spechtblog\/wp-content\/uploads\/2023\/02\/20221107_100919-1536x2048.jpg 1536w, https:\/\/kleinespechte.de\/spechtblog\/wp-content\/uploads\/2023\/02\/20221107_100919-scaled.jpg 1920w\" sizes=\"auto, (max-width: 375px) 100vw, 375px\" \/><\/a><\/p>\n<div class=\"pdfprnt-buttons pdfprnt-buttons-post pdfprnt-bottom-right\"><a href=\"https:\/\/kleinespechte.de\/spechtblog\/wp-json\/wp\/v2\/posts\/4894?print=print\" class=\"pdfprnt-button pdfprnt-button-print\" target=\"_blank\" ><img decoding=\"async\" src=\"https:\/\/kleinespechte.de\/spechtblog\/wp-content\/plugins\/pdf-print\/images\/print.png\" alt=\"image_print\" title=\"Inhalt drucken\" \/><\/a><\/div>","protected":false},"excerpt":{"rendered":"<p>Seit diesem Schuljahr ist das traditionelle gemeinsame Fr\u00fchst\u00fcck wieder fester Bestandteil der Grundschule. Frau Walter zaubert gemeinsam mit einer wechselnden Kleingruppe von Sch\u00fclern einmal w\u00f6chentlich ein Fr\u00fchst\u00fccksbuffet f\u00fcr alle Kinder. Hier gibt es alles, was Kindern schmeckt &#8211; und jede Woche eine warme \u00dcberraschungsk\u00f6stlichkeit, die man oft im ganzen Haus riechen kann und bei\u00a0 den &hellip; <\/p>\n<p class=\"link-more\"><a href=\"https:\/\/kleinespechte.de\/spechtblog\/02\/2023\/endlich-wieder-lecker\/\" class=\"more-link\"><span class=\"screen-reader-text\">\u201eEndlich wieder &#8230;LECKER!\u201c <\/span>weiterlesen<\/a><\/p>\n","protected":false},"author":4,"featured_media":0,"comment_status":"closed","ping_status":"closed","sticky":false,"template":"","format":"standard","meta":{"footnotes":""},"categories":[1],"tags":[4,50],"class_list":["post-4894","post","type-post","status-publish","format-standard","hentry","category-allgemein","tag-essen","tag-kueche"],"_links":{"self":[{"href":"https:\/\/kleinespechte.de\/spechtblog\/wp-json\/wp\/v2\/posts\/4894","targetHints":{"allow":["GET"]}}],"collection":[{"href":"https:\/\/kleinespechte.de\/spechtblog\/wp-json\/wp\/v2\/posts"}],"about":[{"href":"https:\/\/kleinespechte.de\/spechtblog\/wp-json\/wp\/v2\/types\/post"}],"author":[{"embeddable":true,"href":"https:\/\/kleinespechte.de\/spechtblog\/wp-json\/wp\/v2\/users\/4"}],"replies":[{"embeddable":true,"href":"https:\/\/kleinespechte.de\/spechtblog\/wp-json\/wp\/v2\/comments?post=4894"}],"version-history":[{"count":6,"href":"https:\/\/kleinespechte.de\/spechtblog\/wp-json\/wp\/v2\/posts\/4894\/revisions"}],"predecessor-version":[{"id":4902,"href":"https:\/\/kleinespechte.de\/spechtblog\/wp-json\/wp\/v2\/posts\/4894\/revisions\/4902"}],"wp:attachment":[{"href":"https:\/\/kleinespechte.de\/spechtblog\/wp-json\/wp\/v2\/media?parent=4894"}],"wp:term":[{"taxonomy":"category","embeddable":true,"href":"https:\/\/kleinespechte.de\/spechtblog\/wp-json\/wp\/v2\/categories?post=4894"},{"taxonomy":"post_tag","embeddable":true,"href":"https:\/\/kleinespechte.de\/spechtblog\/wp-json\/wp\/v2\/tags?post=4894"}],"curies":[{"name":"wp","href":"https:\/\/api.w.org\/{rel}","templated":true}]}}