{"id":498,"date":"2010-05-12T21:18:04","date_gmt":"2010-05-12T19:18:04","guid":{"rendered":"http:\/\/kleinespechte.de\/spechtblog\/?p=498"},"modified":"2010-05-12T21:25:04","modified_gmt":"2010-05-12T19:25:04","slug":"das-theaterstueck-kaefer-co","status":"publish","type":"post","link":"https:\/\/kleinespechte.de\/spechtblog\/05\/2010\/das-theaterstueck-kaefer-co\/","title":{"rendered":"Das  Theaterst\u00fcck  K\u00e4fer &#038; Co"},"content":{"rendered":"<p style=\"text-align: center;\"><img decoding=\"async\" src=\"C:\\Dokumente und Einstellungen\\rk\\Eigene Dateien\\Rafael\\Schule\\GS Spechbach\\Bilder\/K\u00e4fer2101.jpg\" alt=\"\" \/><\/p>\n<p style=\"text-align: center;\"><a href=\"http:\/\/kleinespechte.de\/spechtblog\/wp-content\/uploads\/K\u00e4fer20103.jpg\" data-rel=\"lightbox-image-0\" data-magnific_type=\"image\" data-rl_title=\"\" data-rl_caption=\"\"><img loading=\"lazy\" decoding=\"async\" class=\"aligncenter size-medium wp-image-511\" title=\"\" src=\"http:\/\/kleinespechte.de\/spechtblog\/wp-content\/uploads\/K\u00e4fer20103-300x225.jpg\" alt=\"\" width=\"420\" height=\"314\" srcset=\"https:\/\/kleinespechte.de\/spechtblog\/wp-content\/uploads\/K\u00e4fer20103-300x225.jpg 300w, https:\/\/kleinespechte.de\/spechtblog\/wp-content\/uploads\/K\u00e4fer20103.jpg 1024w\" sizes=\"auto, (max-width: 420px) 100vw, 420px\" \/><\/a><\/p>\n<p style=\"text-align: justify;\">Am Montag, den 10. Mai 2010 haben sich alle Sch\u00fcler und Sch\u00fclerinnen\u00a0 der Grundschule Spechbach das Theaterst\u00fcck K\u00e4fer &amp; Co in der Turn- und Festhalle angesehen. Beginn war im Anschluss an die \u201egro\u00dfe Pause\u201c.<\/p>\n<p style=\"text-align: justify;\">Das Theaterst\u00fcck war sehr lustig und alle Kinder wurden aktiv in das Theaterst\u00fcck mit einbezogen.<\/p>\n<p style=\"text-align: justify;\">Sechs vom Akteur zuf\u00e4llig ausgew\u00e4hlte Kinder durften die Schauspielrollen der Figuren \u00fcbernehmen.<\/p>\n<p style=\"text-align: justify;\">Peer, aus der 4. Klasse\u00a0 spielte Kurt, Nikolai (Kl.4), Noah (Kl. 2) und Joana (Kl 3) spielten die drei Freunde\u00a0 von Kurt. Victoria Motte wurde von Alina aus Kl.2 gespielt, und die Rolle der Rita Raupe \u00fcbernahm Jule aus Kl. 4.<\/p>\n<p style=\"text-align: justify;\">Alle Kinder durften die Ger\u00e4usche der Insekten nachahmen, z. B. H\u00e4nde und Fingern\u00e4gel aneinander reiben. Nat\u00fcrlich durften auch alle die einstudierten Lieder mitsingen und einige Erstkl\u00e4ssler tanzten Bewegungen zu den Liedern vor. Wieder andere Kinder \u00fcbernahmen auf Zeichen spezielle Ger\u00e4usche, um Spannung zu erzeugen.<\/p>\n<p style=\"text-align: justify;\">Die Geschichte erz\u00e4hlt von Kurt dem K\u00e4fer und seinen Klassenkameraden.<\/p>\n<p style=\"text-align: justify;\">In der ganzen Insektenschule ist Kurt der K\u00e4fer das tollste und coolste Insekt \u00fcberhaupt. Eines Tages kommt eine neue Sch\u00fclerin in die Klasse, sie hei\u00dft Rita Raupe. Gleich am ersten Tag wird sie von Kurt und seiner Gang fix und fertig gemacht.<\/p>\n<p style=\"text-align: justify;\">Zum Gl\u00fcck lernt sie aber Victoria Motte kennen, die ihre Freundin wird.<\/p>\n<p style=\"text-align: justify;\">Es gibt da auch noch eine Schmetterlingsfee, die bei Kurt K\u00e4fer einen Gesinnungswandel bewirkt.<\/p>\n<p style=\"text-align: justify;\">Durch die Darstellung der Ver\u00e4nderung die Kurt erf\u00e4hrt, lernen die Kinder auf altersgem\u00e4\u00dfe Weise wichtige Sozialkompetenzen wie z. B.\u00a0 Konfliktl\u00f6sung, Streitkultur, Selbstwert, Umgang mit schwierigen Lebenssituationen<\/p>\n<p style=\"text-align: justify;\">(Traurigkeit, Hoffnungslosigkeit) und Kommunikationsf\u00e4higkeit.<\/p>\n<p style=\"text-align: justify;\">Das Theaterst\u00fcck K\u00e4fer &amp; Co ist eine Mischung aus Singspiel und Mitmachtheater f\u00fcr Kinder in der Grundschulzeit.<\/p>\n<p style=\"text-align: justify;\">Es hat allen viel Spa\u00df gemacht.<\/p>\n<p style=\"text-align: justify;\">Wir bedanken uns herzlich bei allen Beteiligten f\u00fcr dieses unterhaltsame Theaterst\u00fcck.<\/p>\n<p style=\"text-align: justify;\">(von Vanessa Sieverts und Jule Stein \u2013 Klasse 4)<\/p>\n<p style=\"text-align: justify;\">\n<div class=\"pdfprnt-buttons pdfprnt-buttons-post pdfprnt-bottom-right\"><a href=\"https:\/\/kleinespechte.de\/spechtblog\/wp-json\/wp\/v2\/posts\/498?print=print\" class=\"pdfprnt-button pdfprnt-button-print\" target=\"_blank\" ><img decoding=\"async\" src=\"https:\/\/kleinespechte.de\/spechtblog\/wp-content\/plugins\/pdf-print\/images\/print.png\" alt=\"image_print\" title=\"Inhalt drucken\" \/><\/a><\/div>","protected":false},"excerpt":{"rendered":"<p>Am Montag, den 10. Mai 2010 haben sich alle Sch\u00fcler und Sch\u00fclerinnen\u00a0 der Grundschule Spechbach das Theaterst\u00fcck K\u00e4fer &amp; Co in der Turn- und Festhalle angesehen. Beginn war im Anschluss an die \u201egro\u00dfe Pause\u201c. Das Theaterst\u00fcck war sehr lustig und alle Kinder wurden aktiv in das Theaterst\u00fcck mit einbezogen. Sechs vom Akteur zuf\u00e4llig ausgew\u00e4hlte Kinder &hellip; <\/p>\n<p class=\"link-more\"><a href=\"https:\/\/kleinespechte.de\/spechtblog\/05\/2010\/das-theaterstueck-kaefer-co\/\" class=\"more-link\"><span class=\"screen-reader-text\">\u201eDas  Theaterst\u00fcck  K\u00e4fer &#038; Co\u201c <\/span>weiterlesen<\/a><\/p>\n","protected":false},"author":4,"featured_media":0,"comment_status":"open","ping_status":"open","sticky":false,"template":"","format":"standard","meta":{"footnotes":""},"categories":[1],"tags":[],"class_list":["post-498","post","type-post","status-publish","format-standard","hentry","category-allgemein"],"_links":{"self":[{"href":"https:\/\/kleinespechte.de\/spechtblog\/wp-json\/wp\/v2\/posts\/498","targetHints":{"allow":["GET"]}}],"collection":[{"href":"https:\/\/kleinespechte.de\/spechtblog\/wp-json\/wp\/v2\/posts"}],"about":[{"href":"https:\/\/kleinespechte.de\/spechtblog\/wp-json\/wp\/v2\/types\/post"}],"author":[{"embeddable":true,"href":"https:\/\/kleinespechte.de\/spechtblog\/wp-json\/wp\/v2\/users\/4"}],"replies":[{"embeddable":true,"href":"https:\/\/kleinespechte.de\/spechtblog\/wp-json\/wp\/v2\/comments?post=498"}],"version-history":[{"count":2,"href":"https:\/\/kleinespechte.de\/spechtblog\/wp-json\/wp\/v2\/posts\/498\/revisions"}],"predecessor-version":[{"id":512,"href":"https:\/\/kleinespechte.de\/spechtblog\/wp-json\/wp\/v2\/posts\/498\/revisions\/512"}],"wp:attachment":[{"href":"https:\/\/kleinespechte.de\/spechtblog\/wp-json\/wp\/v2\/media?parent=498"}],"wp:term":[{"taxonomy":"category","embeddable":true,"href":"https:\/\/kleinespechte.de\/spechtblog\/wp-json\/wp\/v2\/categories?post=498"},{"taxonomy":"post_tag","embeddable":true,"href":"https:\/\/kleinespechte.de\/spechtblog\/wp-json\/wp\/v2\/tags?post=498"}],"curies":[{"name":"wp","href":"https:\/\/api.w.org\/{rel}","templated":true}]}}