{"id":523,"date":"2010-06-11T08:35:46","date_gmt":"2010-06-11T06:35:46","guid":{"rendered":"http:\/\/kleinespechte.de\/spechtblog\/?p=523"},"modified":"2010-07-11T10:57:51","modified_gmt":"2010-07-11T08:57:51","slug":"elterninfos-juni-2010","status":"publish","type":"post","link":"https:\/\/kleinespechte.de\/spechtblog\/06\/2010\/elterninfos-juni-2010\/","title":{"rendered":"Elterninfos Juni 2010"},"content":{"rendered":"<p>Sehr geehrte Eltern,<\/p>\n<p>hier einige Infos f\u00fcr die letzten Schulwochen:<\/p>\n<ul>\n<li><strong><span style=\"text-decoration: underline;\">Jahresausflug zu den Burgfestspielen nach Jagsthausen: <\/span><\/strong><\/li>\n<\/ul>\n<p>Am Mittwoch, den <strong>16.6<\/strong>. f\u00e4hrt die ganze Schule zum Theaterst\u00fcck: der kleine Muck. Nach dem Theater wandern wir zu einem Abenteuerspielplatz.\u00a0 Jagsthausen ist ein Freilichttheater, achten Sie bitte auf entsprechende Kleidung, die Veranstaltung findet bei jedem Wetter statt.<\/p>\n<p>Die Busse sind leider teuer und die Kosten belaufen sich mit Eintritt auf 19.80\u20ac pro Kind. Durch die Einnahmen vom Sommertagsumzug reduziert sich der Betrag auf 15\u20ac.<\/p>\n<p>Bitte geben Sie ihrem Kind <strong>15\u20ac<\/strong> f\u00fcr diese Aktion in die Schule mit.<\/p>\n<p>Abfahrt: 7.45Uhr<\/p>\n<p>R\u00fcckankunft gegen 14.30 Uhr.<\/p>\n<p><a href=\"http:\/\/kleinespechte.de\/spechtblog\/wp-content\/uploads\/Der-kleine-Muck-20101.jpg\" data-rel=\"lightbox-image-0\" data-magnific_type=\"image\" data-rl_title=\"\" data-rl_caption=\"\"><img loading=\"lazy\" decoding=\"async\" class=\"aligncenter size-medium wp-image-549\" title=\"\" src=\"http:\/\/kleinespechte.de\/spechtblog\/wp-content\/uploads\/Der-kleine-Muck-20101-300x199.jpg\" alt=\"\" width=\"630\" height=\"417\" \/><\/a><\/p>\n<p style=\"text-align: center;\">\n<ul>\n<li><strong><span style=\"text-decoration: underline;\">Die Grundschule singt: <\/span><\/strong><\/li>\n<\/ul>\n<p>Herr Steiger unterst\u00fctzt die Schule seit Jahren ehrenamtlich durch den von ihm geleiteten Grundschulchor. Hier wird mit den Kindern das Musical \u201eder kleine Kerl vom andern Stern\u201c vorbereitet. Seit dieser Woche kommt Herr Steiger zus\u00e4tzlich in die Schule und singt mit <strong>allen<\/strong> Kindern aller Klassen die Refrains der Musicallieder. Die Auff\u00fchrung wird am 25. Juli im Rahmen des Familientags beim 100j\u00e4hrigen Jubil\u00e4um des Gesangvereins Spechbach um 15.00 Uhr sein. Ich bitte Sie alle, es ihrem Kind zu erm\u00f6glichen dabei zu sein (also auch die Kinder, die nicht im Chor sind) \u2013 bitte halten Sie, falls m\u00f6glich, diesen Termin frei.<\/p>\n<div class=\"pdfprnt-buttons pdfprnt-buttons-post pdfprnt-bottom-right\"><a href=\"https:\/\/kleinespechte.de\/spechtblog\/wp-json\/wp\/v2\/posts\/523?print=print\" class=\"pdfprnt-button pdfprnt-button-print\" target=\"_blank\" ><img decoding=\"async\" src=\"https:\/\/kleinespechte.de\/spechtblog\/wp-content\/plugins\/pdf-print\/images\/print.png\" alt=\"image_print\" title=\"Inhalt drucken\" \/><\/a><\/div>","protected":false},"excerpt":{"rendered":"<p>Sehr geehrte Eltern, hier einige Infos f\u00fcr die letzten Schulwochen: Jahresausflug zu den Burgfestspielen nach Jagsthausen: Am Mittwoch, den 16.6. f\u00e4hrt die ganze Schule zum Theaterst\u00fcck: der kleine Muck. Nach dem Theater wandern wir zu einem Abenteuerspielplatz.\u00a0 Jagsthausen ist ein Freilichttheater, achten Sie bitte auf entsprechende Kleidung, die Veranstaltung findet bei jedem Wetter statt. Die &hellip; <\/p>\n<p class=\"link-more\"><a href=\"https:\/\/kleinespechte.de\/spechtblog\/06\/2010\/elterninfos-juni-2010\/\" class=\"more-link\"><span class=\"screen-reader-text\">\u201eElterninfos Juni 2010\u201c <\/span>weiterlesen<\/a><\/p>\n","protected":false},"author":4,"featured_media":0,"comment_status":"open","ping_status":"open","sticky":false,"template":"","format":"standard","meta":{"footnotes":""},"categories":[1],"tags":[],"class_list":["post-523","post","type-post","status-publish","format-standard","hentry","category-allgemein"],"_links":{"self":[{"href":"https:\/\/kleinespechte.de\/spechtblog\/wp-json\/wp\/v2\/posts\/523","targetHints":{"allow":["GET"]}}],"collection":[{"href":"https:\/\/kleinespechte.de\/spechtblog\/wp-json\/wp\/v2\/posts"}],"about":[{"href":"https:\/\/kleinespechte.de\/spechtblog\/wp-json\/wp\/v2\/types\/post"}],"author":[{"embeddable":true,"href":"https:\/\/kleinespechte.de\/spechtblog\/wp-json\/wp\/v2\/users\/4"}],"replies":[{"embeddable":true,"href":"https:\/\/kleinespechte.de\/spechtblog\/wp-json\/wp\/v2\/comments?post=523"}],"version-history":[{"count":2,"href":"https:\/\/kleinespechte.de\/spechtblog\/wp-json\/wp\/v2\/posts\/523\/revisions"}],"predecessor-version":[{"id":572,"href":"https:\/\/kleinespechte.de\/spechtblog\/wp-json\/wp\/v2\/posts\/523\/revisions\/572"}],"wp:attachment":[{"href":"https:\/\/kleinespechte.de\/spechtblog\/wp-json\/wp\/v2\/media?parent=523"}],"wp:term":[{"taxonomy":"category","embeddable":true,"href":"https:\/\/kleinespechte.de\/spechtblog\/wp-json\/wp\/v2\/categories?post=523"},{"taxonomy":"post_tag","embeddable":true,"href":"https:\/\/kleinespechte.de\/spechtblog\/wp-json\/wp\/v2\/tags?post=523"}],"curies":[{"name":"wp","href":"https:\/\/api.w.org\/{rel}","templated":true}]}}