{"id":5361,"date":"2025-05-28T10:18:51","date_gmt":"2025-05-28T08:18:51","guid":{"rendered":"https:\/\/kleinespechte.de\/spechtblog\/?p=5361"},"modified":"2025-05-28T10:18:51","modified_gmt":"2025-05-28T08:18:51","slug":"fortbildung-zum-sozialen-miteinander","status":"publish","type":"post","link":"https:\/\/kleinespechte.de\/spechtblog\/05\/2025\/fortbildung-zum-sozialen-miteinander\/","title":{"rendered":"Fortbildung zum sozialen Miteinander"},"content":{"rendered":"<p style=\"font-weight: 400;\"><strong>Grundschule Mauer zu Gast in Spechbach<\/strong><\/p>\n<p style=\"font-weight: 400;\">Die Grundschule Spechbach durfte k\u00fcrzlich das Kollegium der Grundschule Mauer zu einer gemeinsamen Fortbildung bei sich begr\u00fc\u00dfen. Vor dem inhaltlichen Teil der Fortbildung kamen alle zu einem gemeinsamen Mittagsessen beim Mittagstisch im Foyer der Halle zusammen.<\/p>\n<p style=\"font-weight: 400;\">Im Rahmen dieses Treffens wurden verschiedene \u00dcbungen und Spiele vorgestellt und erprobt, die gezielt das respektvolle Miteinander, Teamgeist sowie einen fairen Umgang im Schulalltag f\u00f6rdern. Die Inhalte gaben wertvolle Impulse, wie soziale Kompetenzen kindgerecht vermittelt und spielerisch in den Unterricht integriert werden k\u00f6nnen.<\/p>\n<p style=\"font-weight: 400;\">Die Grundschule Spechbach arbeitet derzeit an einem schuleigenen Pr\u00e4ventionskonzept. Der Hintergrund: Eine starke Schulgemeinschaft und ein friedliches Miteinander sind uns wichtiger denn je. Werte wie Respekt, R\u00fccksichtnahme und Empathie sollen nicht nur gelehrt, sondern auch gelebt werden \u2013 im t\u00e4glichen Miteinander auf dem Schulhof, im Klassenzimmer und dar\u00fcber hinaus.<\/p>\n<div class=\"pdfprnt-buttons pdfprnt-buttons-post pdfprnt-bottom-right\"><a href=\"https:\/\/kleinespechte.de\/spechtblog\/wp-json\/wp\/v2\/posts\/5361?print=print\" class=\"pdfprnt-button pdfprnt-button-print\" target=\"_blank\" ><img decoding=\"async\" src=\"https:\/\/kleinespechte.de\/spechtblog\/wp-content\/plugins\/pdf-print\/images\/print.png\" alt=\"image_print\" title=\"Inhalt drucken\" \/><\/a><\/div>","protected":false},"excerpt":{"rendered":"<p>Grundschule Mauer zu Gast in Spechbach Die Grundschule Spechbach durfte k\u00fcrzlich das Kollegium der Grundschule Mauer zu einer gemeinsamen Fortbildung bei sich begr\u00fc\u00dfen. Vor dem inhaltlichen Teil der Fortbildung kamen alle zu einem gemeinsamen Mittagsessen beim Mittagstisch im Foyer der Halle zusammen. Im Rahmen dieses Treffens wurden verschiedene \u00dcbungen und Spiele vorgestellt und erprobt, die &hellip; <\/p>\n<p class=\"link-more\"><a href=\"https:\/\/kleinespechte.de\/spechtblog\/05\/2025\/fortbildung-zum-sozialen-miteinander\/\" class=\"more-link\"><span class=\"screen-reader-text\">\u201eFortbildung zum sozialen Miteinander\u201c <\/span>weiterlesen<\/a><\/p>\n","protected":false},"author":4,"featured_media":0,"comment_status":"closed","ping_status":"closed","sticky":false,"template":"","format":"standard","meta":{"footnotes":""},"categories":[1],"tags":[],"class_list":["post-5361","post","type-post","status-publish","format-standard","hentry","category-allgemein"],"_links":{"self":[{"href":"https:\/\/kleinespechte.de\/spechtblog\/wp-json\/wp\/v2\/posts\/5361","targetHints":{"allow":["GET"]}}],"collection":[{"href":"https:\/\/kleinespechte.de\/spechtblog\/wp-json\/wp\/v2\/posts"}],"about":[{"href":"https:\/\/kleinespechte.de\/spechtblog\/wp-json\/wp\/v2\/types\/post"}],"author":[{"embeddable":true,"href":"https:\/\/kleinespechte.de\/spechtblog\/wp-json\/wp\/v2\/users\/4"}],"replies":[{"embeddable":true,"href":"https:\/\/kleinespechte.de\/spechtblog\/wp-json\/wp\/v2\/comments?post=5361"}],"version-history":[{"count":1,"href":"https:\/\/kleinespechte.de\/spechtblog\/wp-json\/wp\/v2\/posts\/5361\/revisions"}],"predecessor-version":[{"id":5362,"href":"https:\/\/kleinespechte.de\/spechtblog\/wp-json\/wp\/v2\/posts\/5361\/revisions\/5362"}],"wp:attachment":[{"href":"https:\/\/kleinespechte.de\/spechtblog\/wp-json\/wp\/v2\/media?parent=5361"}],"wp:term":[{"taxonomy":"category","embeddable":true,"href":"https:\/\/kleinespechte.de\/spechtblog\/wp-json\/wp\/v2\/categories?post=5361"},{"taxonomy":"post_tag","embeddable":true,"href":"https:\/\/kleinespechte.de\/spechtblog\/wp-json\/wp\/v2\/tags?post=5361"}],"curies":[{"name":"wp","href":"https:\/\/api.w.org\/{rel}","templated":true}]}}