{"id":5439,"date":"2025-07-14T17:41:17","date_gmt":"2025-07-14T15:41:17","guid":{"rendered":"https:\/\/kleinespechte.de\/spechtblog\/?p=5439"},"modified":"2025-07-14T17:41:17","modified_gmt":"2025-07-14T15:41:17","slug":"lesen-macht-schlau","status":"publish","type":"post","link":"https:\/\/kleinespechte.de\/spechtblog\/07\/2025\/lesen-macht-schlau\/","title":{"rendered":"Lesen macht schlau"},"content":{"rendered":"<p>Klasse 1 besucht die B\u00fccherei<\/p>\n<p>Am Donnerstag, den 10.07. 2 besuchte die Klasse 1 die kleine B\u00fccherei von Spechbach. Dort wurden wir herzlich von Frau Winkler und Frau Kraus empfangen. Die beiden erkl\u00e4rten den Kindern, wie das Ausleihen von B\u00fcchern funktioniert und wann die B\u00fccherei ge\u00f6ffnet ist, n\u00e4mlich jeden Mittwoch um 18.00 Uhr.<br \/>\nAnschlie\u00dfend gingen wir in den Raum mit der Kinder- und Jugendliteratur sowie den Bilderb\u00fcchern. Die Kinder durften dort in Ruhe st\u00f6bern und sich mit den B\u00fcchern besch\u00e4ftigen. Viele setzten sich zu zweit zusammen, betrachteten Bilder und lasen gemeinsam kleine Geschichten. Manche bl\u00e4tterten neugierig in Bilderb\u00fcchern, andere waren ganz vertieft in ihre Lekt\u00fcre und lasen still f\u00fcr sich.<br \/>\nNach einiger Zeit las Frau Kraus den Kindern eine Geschichte vom kleinen Drachen Kokosnuss vor. Alle h\u00f6rten aufmerksam und gespannt zu.<br \/>\nNach etwa eineinhalb Stunden machten wir uns gemeinsam auf den R\u00fcckweg zur Schule \u2013 mit vielen neuen Eindr\u00fccken und gro\u00dfer Lust aufs Lesen.<br \/>\nVielen Dank noch einmal an Frau Kraus und Frau Winkler, die sich an diesem Vormittag Zeit f\u00fcr uns genommen haben.<\/p>\n<div class=\"pdfprnt-buttons pdfprnt-buttons-post pdfprnt-bottom-right\"><a href=\"https:\/\/kleinespechte.de\/spechtblog\/wp-json\/wp\/v2\/posts\/5439?print=print\" class=\"pdfprnt-button pdfprnt-button-print\" target=\"_blank\" ><img decoding=\"async\" src=\"https:\/\/kleinespechte.de\/spechtblog\/wp-content\/plugins\/pdf-print\/images\/print.png\" alt=\"image_print\" title=\"Inhalt drucken\" \/><\/a><\/div>","protected":false},"excerpt":{"rendered":"<p>Klasse 1 besucht die B\u00fccherei Am Donnerstag, den 10.07. 2 besuchte die Klasse 1 die kleine B\u00fccherei von Spechbach. Dort wurden wir herzlich von Frau Winkler und Frau Kraus empfangen. Die beiden erkl\u00e4rten den Kindern, wie das Ausleihen von B\u00fcchern funktioniert und wann die B\u00fccherei ge\u00f6ffnet ist, n\u00e4mlich jeden Mittwoch um 18.00 Uhr. Anschlie\u00dfend gingen &hellip; <\/p>\n<p class=\"link-more\"><a href=\"https:\/\/kleinespechte.de\/spechtblog\/07\/2025\/lesen-macht-schlau\/\" class=\"more-link\"><span class=\"screen-reader-text\">\u201eLesen macht schlau\u201c <\/span>weiterlesen<\/a><\/p>\n","protected":false},"author":13,"featured_media":0,"comment_status":"closed","ping_status":"closed","sticky":false,"template":"","format":"standard","meta":{"footnotes":""},"categories":[1],"tags":[],"class_list":["post-5439","post","type-post","status-publish","format-standard","hentry","category-allgemein"],"_links":{"self":[{"href":"https:\/\/kleinespechte.de\/spechtblog\/wp-json\/wp\/v2\/posts\/5439","targetHints":{"allow":["GET"]}}],"collection":[{"href":"https:\/\/kleinespechte.de\/spechtblog\/wp-json\/wp\/v2\/posts"}],"about":[{"href":"https:\/\/kleinespechte.de\/spechtblog\/wp-json\/wp\/v2\/types\/post"}],"author":[{"embeddable":true,"href":"https:\/\/kleinespechte.de\/spechtblog\/wp-json\/wp\/v2\/users\/13"}],"replies":[{"embeddable":true,"href":"https:\/\/kleinespechte.de\/spechtblog\/wp-json\/wp\/v2\/comments?post=5439"}],"version-history":[{"count":1,"href":"https:\/\/kleinespechte.de\/spechtblog\/wp-json\/wp\/v2\/posts\/5439\/revisions"}],"predecessor-version":[{"id":5440,"href":"https:\/\/kleinespechte.de\/spechtblog\/wp-json\/wp\/v2\/posts\/5439\/revisions\/5440"}],"wp:attachment":[{"href":"https:\/\/kleinespechte.de\/spechtblog\/wp-json\/wp\/v2\/media?parent=5439"}],"wp:term":[{"taxonomy":"category","embeddable":true,"href":"https:\/\/kleinespechte.de\/spechtblog\/wp-json\/wp\/v2\/categories?post=5439"},{"taxonomy":"post_tag","embeddable":true,"href":"https:\/\/kleinespechte.de\/spechtblog\/wp-json\/wp\/v2\/tags?post=5439"}],"curies":[{"name":"wp","href":"https:\/\/api.w.org\/{rel}","templated":true}]}}