{"id":5442,"date":"2025-07-22T11:39:38","date_gmt":"2025-07-22T09:39:38","guid":{"rendered":"https:\/\/kleinespechte.de\/spechtblog\/?p=5442"},"modified":"2025-07-22T11:43:04","modified_gmt":"2025-07-22T09:43:04","slug":"abschlusszeltlager-der-klasse-4","status":"publish","type":"post","link":"https:\/\/kleinespechte.de\/spechtblog\/07\/2025\/abschlusszeltlager-der-klasse-4\/","title":{"rendered":"Abschlusszeltlager der Klasse 4"},"content":{"rendered":"<p style=\"font-weight: 400;\"><strong>Bericht \u00fcber das Abschlusszeltlager der Klasse 4<\/strong><\/p>\n<p style=\"font-weight: 400;\">Am Donnerstag, den 17.7.2025 fand das Abschlusszeltlager der Klasse 4 statt. Der Nachmittag begann damit, dass die Kinder der Klasse 4 gemeinsam mit Herrn Keilhauer, Ellen Meister und Frau Rodriguez mit dem Fahrrad nach Meckesheim fuhren. Das Wetter war sch\u00f6n, und die Fahrt stellte f\u00fcr den einen oder anderen eine Herausforderung dar. Dennoch waren alle stolz darauf, die Strecke gemeistert zu haben. In Meckesheim angekommen, hatten die Kinder die Gelegenheit, ein leckeres Eis zu essen. Danach verbrachten sie noch Zeit auf dem Alla Hopp Spielplatz, wo sie nach Herzenslust spielen und toben konnten. Es war sch\u00f6n zu sehen, wieviel Spa\u00df alle hatten.<\/p>\n<p style=\"font-weight: 400;\">Gegen Abend machte sich die Gruppe dann wieder auf den Heimweg und radelte gemeinsam zur\u00fcck. Nach der anstrengenden R\u00fcckfahrt machten sich alle zufrieden aber ersch\u00f6pft auf den Weg zur Wiese, auf der gezeltet werden sollte. Die Eltern waren bereits flei\u00dfig dabei, die Zelte aufzubauen, damit alles bereit war. Bis sp\u00e4t in die Nacht hinein hatten alle viel Spa\u00df und erz\u00e4hlten sich Geschichten bis sie unter dem Sternenhimmel einschliefen. Am n\u00e4chsten Morgen kam der Bogensch\u00fctze zu Besuch. Die Kinder hatten die Gelegenheit, ihr K\u00f6nnen im Bogenschie\u00dfen zu beweisen und neue F\u00e4higkeiten zu erlernen. Es war ein spannendes Erlebnis f\u00fcr alle. Gegen Mittag kamen schlie\u00dflich die Eltern, um die Kinder abzuholen. Alle waren fr\u00f6hlich und zufrieden, denn das Zeltlager war ein voller Erfolg. Es hinterlie\u00df viele bleibende Erinnerungen und war ein wundersch\u00f6ner Abschluss der Grundschulzeit.<br \/>\nVielen herzlichen Dank an alle, die mitgeholfen haben, dieses Erlebnis m\u00f6glich zu machen.<\/p>\n<p><a href=\"https:\/\/kleinespechte.de\/spechtblog\/wp-content\/uploads\/2025\/07\/20250718_123531.jpg\" data-rel=\"lightbox-image-0\" data-magnific_type=\"image\" data-rl_title=\"\" data-rl_caption=\"\" title=\"\"><img loading=\"lazy\" decoding=\"async\" class=\"alignleft wp-image-5444 size-medium\" src=\"https:\/\/kleinespechte.de\/spechtblog\/wp-content\/uploads\/2025\/07\/20250718_123531-500x375.jpg\" alt=\"\" width=\"500\" height=\"375\" srcset=\"https:\/\/kleinespechte.de\/spechtblog\/wp-content\/uploads\/2025\/07\/20250718_123531-500x375.jpg 500w, https:\/\/kleinespechte.de\/spechtblog\/wp-content\/uploads\/2025\/07\/20250718_123531-1024x768.jpg 1024w, https:\/\/kleinespechte.de\/spechtblog\/wp-content\/uploads\/2025\/07\/20250718_123531-768x576.jpg 768w, https:\/\/kleinespechte.de\/spechtblog\/wp-content\/uploads\/2025\/07\/20250718_123531-1536x1152.jpg 1536w, https:\/\/kleinespechte.de\/spechtblog\/wp-content\/uploads\/2025\/07\/20250718_123531.jpg 2000w\" sizes=\"auto, (max-width: 500px) 100vw, 500px\" \/><\/a><\/p>\n<div class=\"pdfprnt-buttons pdfprnt-buttons-post pdfprnt-bottom-right\"><a href=\"https:\/\/kleinespechte.de\/spechtblog\/wp-json\/wp\/v2\/posts\/5442?print=print\" class=\"pdfprnt-button pdfprnt-button-print\" target=\"_blank\" ><img decoding=\"async\" src=\"https:\/\/kleinespechte.de\/spechtblog\/wp-content\/plugins\/pdf-print\/images\/print.png\" alt=\"image_print\" title=\"Inhalt drucken\" \/><\/a><\/div>","protected":false},"excerpt":{"rendered":"<p>Bericht \u00fcber das Abschlusszeltlager der Klasse 4 Am Donnerstag, den 17.7.2025 fand das Abschlusszeltlager der Klasse 4 statt. Der Nachmittag begann damit, dass die Kinder der Klasse 4 gemeinsam mit Herrn Keilhauer, Ellen Meister und Frau Rodriguez mit dem Fahrrad nach Meckesheim fuhren. Das Wetter war sch\u00f6n, und die Fahrt stellte f\u00fcr den einen oder &hellip; <\/p>\n<p class=\"link-more\"><a href=\"https:\/\/kleinespechte.de\/spechtblog\/07\/2025\/abschlusszeltlager-der-klasse-4\/\" class=\"more-link\"><span class=\"screen-reader-text\">\u201eAbschlusszeltlager der Klasse 4\u201c <\/span>weiterlesen<\/a><\/p>\n","protected":false},"author":9,"featured_media":0,"comment_status":"closed","ping_status":"closed","sticky":false,"template":"","format":"standard","meta":{"footnotes":""},"categories":[47],"tags":[24,57,56],"class_list":["post-5442","post","type-post","status-publish","format-standard","hentry","category-eingeschult-21","tag-24","tag-uebernachtung","tag-zelten"],"_links":{"self":[{"href":"https:\/\/kleinespechte.de\/spechtblog\/wp-json\/wp\/v2\/posts\/5442","targetHints":{"allow":["GET"]}}],"collection":[{"href":"https:\/\/kleinespechte.de\/spechtblog\/wp-json\/wp\/v2\/posts"}],"about":[{"href":"https:\/\/kleinespechte.de\/spechtblog\/wp-json\/wp\/v2\/types\/post"}],"author":[{"embeddable":true,"href":"https:\/\/kleinespechte.de\/spechtblog\/wp-json\/wp\/v2\/users\/9"}],"replies":[{"embeddable":true,"href":"https:\/\/kleinespechte.de\/spechtblog\/wp-json\/wp\/v2\/comments?post=5442"}],"version-history":[{"count":3,"href":"https:\/\/kleinespechte.de\/spechtblog\/wp-json\/wp\/v2\/posts\/5442\/revisions"}],"predecessor-version":[{"id":5446,"href":"https:\/\/kleinespechte.de\/spechtblog\/wp-json\/wp\/v2\/posts\/5442\/revisions\/5446"}],"wp:attachment":[{"href":"https:\/\/kleinespechte.de\/spechtblog\/wp-json\/wp\/v2\/media?parent=5442"}],"wp:term":[{"taxonomy":"category","embeddable":true,"href":"https:\/\/kleinespechte.de\/spechtblog\/wp-json\/wp\/v2\/categories?post=5442"},{"taxonomy":"post_tag","embeddable":true,"href":"https:\/\/kleinespechte.de\/spechtblog\/wp-json\/wp\/v2\/tags?post=5442"}],"curies":[{"name":"wp","href":"https:\/\/api.w.org\/{rel}","templated":true}]}}