{"id":764,"date":"2010-09-18T18:00:26","date_gmt":"2010-09-18T16:00:26","guid":{"rendered":"http:\/\/kleinespechte.de\/spechtblog\/?p=764"},"modified":"2010-09-26T12:23:58","modified_gmt":"2010-09-26T10:23:58","slug":"einschulungsfeier-2010","status":"publish","type":"post","link":"https:\/\/kleinespechte.de\/spechtblog\/09\/2010\/einschulungsfeier-2010\/","title":{"rendered":"Einschulungsfeier 2010"},"content":{"rendered":"<p>Einschulungsfeier am Samstag, den 18. September 2010<\/p>\n<p style=\"text-align: justify;\">\n<figure id=\"attachment_765\" aria-describedby=\"caption-attachment-765\" style=\"width: 300px\" class=\"wp-caption alignleft\"><a href=\"http:\/\/kleinespechte.de\/spechtblog\/wp-content\/uploads\/einschul2.jpg\" data-rel=\"lightbox-image-0\" data-magnific_type=\"image\" data-rl_title=\"\" data-rl_caption=\"\"><img loading=\"lazy\" decoding=\"async\" class=\"size-medium wp-image-765  \" title=\"\" src=\"http:\/\/kleinespechte.de\/spechtblog\/wp-content\/uploads\/einschul2-300x165.jpg\" alt=\"\" width=\"300\" height=\"165\" srcset=\"https:\/\/kleinespechte.de\/spechtblog\/wp-content\/uploads\/einschul2-300x165.jpg 300w, https:\/\/kleinespechte.de\/spechtblog\/wp-content\/uploads\/einschul2.jpg 1024w\" sizes=\"auto, (max-width: 300px) 100vw, 300px\" \/><\/a><figcaption id=\"caption-attachment-765\" class=\"wp-caption-text\">Einschulfeier 2010<\/figcaption><\/figure>\n<p style=\"text-align: justify;\">In der vollbesetzten Sporthalle empfingen die Kinder der Klassen 2-4 am Samstag 14 neue Erstkl\u00e4ssler mit ihren Eltern und Verwandten. Die Kinder f\u00fchrten gekonnt ein buntes Rahmenprogramm mit Liedern, Tanz und Theaterst\u00fcck vor und Diakon Dr. Abele segnete im Anschluss die Kinder. Mit gemischten Gef\u00fchlen gingen die Erstkl\u00e4ssler dann mit ihrer Klassenlehrerin ins benachbarte Schulhaus zur ersten richtigen Schulstunde. In dieser Zeit wurden die Erwachsenen von den Eltern der 2. Klasse bewirtet.\u00a0 Nach Ende der Schulstunde zeigten die frisch gebackenen Erstkl\u00e4sslern noch mit stolzgeschwellter Brust den Eltern ihr neues Klassenzimmer und verabschiedeten sich dann ins kurze Wochenende.<\/p>\n<p style=\"text-align: justify;\">Vielen Dank an die Eltern der Zweitkl\u00e4ssler, die hier alles so sch\u00f6n vorbereitet hatten!<\/p>\n<p style=\"text-align: justify;\">Herzlichen Dank allen Beteiligten f\u00fcr diesen sch\u00f6nen Morgen und f\u00fcr die liebevolle Aufnahme unserer Erstkl\u00e4ssler in die neue Gemeinschaft. Herzlichen Dank auch an Familie \u201eM\u00fcller Lenz\u201c, die uns einen gro\u00dfen Korb voller sch\u00f6ner \u00c4pfel geschenkt hat.<\/p>\n<div class=\"pdfprnt-buttons pdfprnt-buttons-post pdfprnt-bottom-right\"><a href=\"https:\/\/kleinespechte.de\/spechtblog\/wp-json\/wp\/v2\/posts\/764?print=print\" class=\"pdfprnt-button pdfprnt-button-print\" target=\"_blank\" ><img decoding=\"async\" src=\"https:\/\/kleinespechte.de\/spechtblog\/wp-content\/plugins\/pdf-print\/images\/print.png\" alt=\"image_print\" title=\"Inhalt drucken\" \/><\/a><\/div>","protected":false},"excerpt":{"rendered":"<p>Einschulungsfeier am Samstag, den 18. September 2010 In der vollbesetzten Sporthalle empfingen die Kinder der Klassen 2-4 am Samstag 14 neue Erstkl\u00e4ssler mit ihren Eltern und Verwandten. Die Kinder f\u00fchrten gekonnt ein buntes Rahmenprogramm mit Liedern, Tanz und Theaterst\u00fcck vor und Diakon Dr. Abele segnete im Anschluss die Kinder. Mit gemischten Gef\u00fchlen gingen die Erstkl\u00e4ssler &hellip; <\/p>\n<p class=\"link-more\"><a href=\"https:\/\/kleinespechte.de\/spechtblog\/09\/2010\/einschulungsfeier-2010\/\" class=\"more-link\"><span class=\"screen-reader-text\">\u201eEinschulungsfeier 2010\u201c <\/span>weiterlesen<\/a><\/p>\n","protected":false},"author":4,"featured_media":0,"comment_status":"open","ping_status":"open","sticky":false,"template":"","format":"standard","meta":{"footnotes":""},"categories":[1],"tags":[],"class_list":["post-764","post","type-post","status-publish","format-standard","hentry","category-allgemein"],"_links":{"self":[{"href":"https:\/\/kleinespechte.de\/spechtblog\/wp-json\/wp\/v2\/posts\/764","targetHints":{"allow":["GET"]}}],"collection":[{"href":"https:\/\/kleinespechte.de\/spechtblog\/wp-json\/wp\/v2\/posts"}],"about":[{"href":"https:\/\/kleinespechte.de\/spechtblog\/wp-json\/wp\/v2\/types\/post"}],"author":[{"embeddable":true,"href":"https:\/\/kleinespechte.de\/spechtblog\/wp-json\/wp\/v2\/users\/4"}],"replies":[{"embeddable":true,"href":"https:\/\/kleinespechte.de\/spechtblog\/wp-json\/wp\/v2\/comments?post=764"}],"version-history":[{"count":2,"href":"https:\/\/kleinespechte.de\/spechtblog\/wp-json\/wp\/v2\/posts\/764\/revisions"}],"predecessor-version":[{"id":774,"href":"https:\/\/kleinespechte.de\/spechtblog\/wp-json\/wp\/v2\/posts\/764\/revisions\/774"}],"wp:attachment":[{"href":"https:\/\/kleinespechte.de\/spechtblog\/wp-json\/wp\/v2\/media?parent=764"}],"wp:term":[{"taxonomy":"category","embeddable":true,"href":"https:\/\/kleinespechte.de\/spechtblog\/wp-json\/wp\/v2\/categories?post=764"},{"taxonomy":"post_tag","embeddable":true,"href":"https:\/\/kleinespechte.de\/spechtblog\/wp-json\/wp\/v2\/tags?post=764"}],"curies":[{"name":"wp","href":"https:\/\/api.w.org\/{rel}","templated":true}]}}