{"id":793,"date":"2010-10-15T10:57:32","date_gmt":"2010-10-15T08:57:32","guid":{"rendered":"http:\/\/kleinespechte.de\/spechtblog\/?p=793"},"modified":"2010-10-28T19:11:04","modified_gmt":"2010-10-28T17:11:04","slug":"tag-des-buches","status":"publish","type":"post","link":"https:\/\/kleinespechte.de\/spechtblog\/10\/2010\/tag-des-buches\/","title":{"rendered":"Tag des Buches"},"content":{"rendered":"<p>Am 11.10.2010 war der \u201eTag des Buches\u201c in der Grundschule Spechbach.<\/p>\n<p><a href=\"http:\/\/kleinespechte.de\/spechtblog\/wp-content\/uploads\/tagdesbuchs_kl.jpg\" data-rel=\"lightbox-image-0\" data-magnific_type=\"image\" data-rl_title=\"\" data-rl_caption=\"\"><img loading=\"lazy\" decoding=\"async\" class=\"size-thumbnail wp-image-803  alignleft\" title=\"\" src=\"http:\/\/kleinespechte.de\/spechtblog\/wp-content\/uploads\/tagdesbuchs_kl-150x150.jpg\" alt=\"Tag des Buches\" width=\"150\" height=\"150\" \/><\/a><\/p>\n<p>Es wurden die B\u00fccher \u201eDas Geheimnis vom Dachboden\u201c, \u201e Karlson vom Dach\u201c, \u201eDie kleine Hexe\u201c, \u201eDas Schaf mit dem Zitronenohr\u201c, \u201eDer Zauberlehrling\u201c, \u201cDas kleine Gespenst\u201c, \u201eDie Olchis im Zoo\u201c und \u201eSpecklock Holmes ermittelt in \u00c4gypten\u201c vorgelesen. Jeder durfte sich aussuchen, welche Geschichte er h\u00f6ren wollte.<br \/>\nZu jedem Buch wurde auch gebastelt, gemalt oder ein Film angeschaut. Beispielsweise bei \u201eSpecklock\u201c konnten wir Hieroglyphen ausprobieren, da das Buch in \u00c4gypten spielt. Beim \u201eGeheimnis vom Dachboden\u201c wurde eine Schatzkiste gebastelt und beim \u201ekleinen Gespenst\u201c wurde gemalt.<br \/>\nDamit es so ein sch\u00f6ner Tag werden konnte, haben alle Lehrer, Frau Roth, Herr Pfahler und Frau Siller mitgeholfen.<br \/>\nF\u00fcr uns Sch\u00fcler war es ein ganz besonderer Schultag und wir hatten sehr viel Spa\u00df.<\/p>\n<p>Ach \u00fcbrigens: Kinderb\u00fccher kann man immer mittwochs kostenlos in der katholischen \u00f6ffentlichen B\u00fccherei in Spechbach ausleihen.<\/p>\n<p>Von Joanna Schleidt und Marie M\u00fcller<\/p>\n<div class=\"pdfprnt-buttons pdfprnt-buttons-post pdfprnt-bottom-right\"><a href=\"https:\/\/kleinespechte.de\/spechtblog\/wp-json\/wp\/v2\/posts\/793?print=print\" class=\"pdfprnt-button pdfprnt-button-print\" target=\"_blank\" ><img decoding=\"async\" src=\"https:\/\/kleinespechte.de\/spechtblog\/wp-content\/plugins\/pdf-print\/images\/print.png\" alt=\"image_print\" title=\"Inhalt drucken\" \/><\/a><\/div>","protected":false},"excerpt":{"rendered":"<p>Am 11.10.2010 war der \u201eTag des Buches\u201c in der Grundschule Spechbach. Es wurden die B\u00fccher \u201eDas Geheimnis vom Dachboden\u201c, \u201e Karlson vom Dach\u201c, \u201eDie kleine Hexe\u201c, \u201eDas Schaf mit dem Zitronenohr\u201c, \u201eDer Zauberlehrling\u201c, \u201cDas kleine Gespenst\u201c, \u201eDie Olchis im Zoo\u201c und \u201eSpecklock Holmes ermittelt in \u00c4gypten\u201c vorgelesen. Jeder durfte sich aussuchen, welche Geschichte er h\u00f6ren &hellip; <\/p>\n<p class=\"link-more\"><a href=\"https:\/\/kleinespechte.de\/spechtblog\/10\/2010\/tag-des-buches\/\" class=\"more-link\"><span class=\"screen-reader-text\">\u201eTag des Buches\u201c <\/span>weiterlesen<\/a><\/p>\n","protected":false},"author":2,"featured_media":0,"comment_status":"open","ping_status":"open","sticky":false,"template":"","format":"standard","meta":{"footnotes":""},"categories":[1],"tags":[],"class_list":["post-793","post","type-post","status-publish","format-standard","hentry","category-allgemein"],"_links":{"self":[{"href":"https:\/\/kleinespechte.de\/spechtblog\/wp-json\/wp\/v2\/posts\/793","targetHints":{"allow":["GET"]}}],"collection":[{"href":"https:\/\/kleinespechte.de\/spechtblog\/wp-json\/wp\/v2\/posts"}],"about":[{"href":"https:\/\/kleinespechte.de\/spechtblog\/wp-json\/wp\/v2\/types\/post"}],"author":[{"embeddable":true,"href":"https:\/\/kleinespechte.de\/spechtblog\/wp-json\/wp\/v2\/users\/2"}],"replies":[{"embeddable":true,"href":"https:\/\/kleinespechte.de\/spechtblog\/wp-json\/wp\/v2\/comments?post=793"}],"version-history":[{"count":2,"href":"https:\/\/kleinespechte.de\/spechtblog\/wp-json\/wp\/v2\/posts\/793\/revisions"}],"predecessor-version":[{"id":839,"href":"https:\/\/kleinespechte.de\/spechtblog\/wp-json\/wp\/v2\/posts\/793\/revisions\/839"}],"wp:attachment":[{"href":"https:\/\/kleinespechte.de\/spechtblog\/wp-json\/wp\/v2\/media?parent=793"}],"wp:term":[{"taxonomy":"category","embeddable":true,"href":"https:\/\/kleinespechte.de\/spechtblog\/wp-json\/wp\/v2\/categories?post=793"},{"taxonomy":"post_tag","embeddable":true,"href":"https:\/\/kleinespechte.de\/spechtblog\/wp-json\/wp\/v2\/tags?post=793"}],"curies":[{"name":"wp","href":"https:\/\/api.w.org\/{rel}","templated":true}]}}