{"id":95,"date":"2009-12-11T11:05:57","date_gmt":"2009-12-11T09:05:57","guid":{"rendered":"http:\/\/kleinespechte.de\/spechtblog\/?p=95"},"modified":"2010-07-14T21:41:20","modified_gmt":"2010-07-14T19:41:20","slug":"engelbilder-klasse-3","status":"publish","type":"post","link":"https:\/\/kleinespechte.de\/spechtblog\/12\/2009\/engelbilder-klasse-3\/","title":{"rendered":"Engelbilder Klasse 3"},"content":{"rendered":"<p>Es ist toll, wenn man f\u00fcr seine Schulklasse mal nicht Fahrgemeinschaften organisieren muss, weil manches Sch\u00f6ne gleich um die Ecke liegt.<\/p>\n<p>So ist im Rathaus in Spechbach zur Weihnachtszeit eine Engel-Ausstellung des K\u00fcnstlers Hans-Jakob Bopp. Also sind wir mit M\u00e4ppchen, Klemmbrettchen und Malbl\u00e4ttern zu Fu\u00df losgezogen und durften ungest\u00f6rt (da wir au\u00dferhalb der \u00d6ffnungszeit am Donnerstagmorgen von Frau Vettermann und Herrn Zappe in das Rathaus eingelassen wurden) zu meditativer Musik die wundersch\u00f6nen Seelen-Bilder anschauen. Nach einer stillen Betrachtung suchte sich jedes Kind den Engel aus, der es am meisten ansprach und ihm am besten gefiel. Obgleich eine \u00fcberschaubare Anzahl an Engel-Bildern zu bestaunen waren, haben drei Engel die Sch\u00fclerinnen \u00a0und Sch\u00fcler ganz besonders begeistert: Der Engel des Herzens &#8222;Gabriela&#8220; (die weibliche Erscheinung des Ur-Erzengels Gabriel), der Engel des kosmischen Tores und der Engel der Wahrheit. Die Namen bzw. die Bedeutung der jeweils dargestellten Engel haben die Kinder jedoch erst sp\u00e4ter erfahren. Vor Ort wurden zun\u00e4chst mit Bleistift Skizzen angefertigt, welche sp\u00e4ter in der Schule zu Hilfe genommen wurden, um ein eigenes Engelbild mit Wasserfarben zu gestalten. Es war spannend zu entdecken, wie genau die M\u00e4dchen und Jungen die ausgestellten Bilder betrachtet haben. So konnten sie im Gespr\u00e4ch viele Einzelheiten nennen und die Gef\u00fchle, die ihnen durch die Bilder vermittelt werden gut verbalisieren. F\u00fcr die Kinder strahlen die Engel auf den Gem\u00e4lden vor allem Schutz, St\u00e4rke und Geborgenheit aus.<br \/>\nDer Besuch der Ausstellung hat den Kindern viel Freude bereitet.<br \/>\nBedanken m\u00f6chten wir uns nochmals daf\u00fcr, dass wir im Rathaus so freundlich aufgenommen wurden.<br \/>\nEine besondere \u00dcberraschung bereitete uns noch der Nikolaus, denn die Schuhe, welche wir vor dem Ausstellungsraum abgestellt hatten, waren sp\u00e4ter mit einer S\u00fc\u00dfigkeit gef\u00fcllt. Dem Nikolaus vom Rathaus ein herzliches Dankesch\u00f6n!<br \/>\nDie Klasse 3<\/p>\n<p>(i.A.Ze)<br \/>\nIn der Schule malten die Sch\u00fclerinnen und Sch\u00fcler in Anlehnung an Hans-Jakob Bopp ihre eigenen Seelen-Engel.<\/p>\n<p><a href=\"http:\/\/kleinespechte.de\/spechtblog\/wp-content\/uploads\/engelbild-2.jpg\" data-rel=\"lightbox-image-0\" data-magnific_type=\"image\" data-rl_title=\"\" data-rl_caption=\"\"><img loading=\"lazy\" decoding=\"async\" class=\"alignleft size-medium wp-image-596\" title=\"\" src=\"http:\/\/kleinespechte.de\/spechtblog\/wp-content\/uploads\/engelbild-2-212x300.jpg\" alt=\"\" width=\"212\" height=\"300\" srcset=\"https:\/\/kleinespechte.de\/spechtblog\/wp-content\/uploads\/engelbild-2-212x300.jpg 212w, https:\/\/kleinespechte.de\/spechtblog\/wp-content\/uploads\/engelbild-2.jpg 724w\" sizes=\"auto, (max-width: 212px) 100vw, 212px\" \/><\/a><a href=\"http:\/\/kleinespechte.de\/spechtblog\/wp-content\/uploads\/engelbild-11.jpg\" data-rel=\"lightbox-image-1\" data-magnific_type=\"image\" data-rl_title=\"\" data-rl_caption=\"\"><img loading=\"lazy\" decoding=\"async\" class=\"alignleft size-medium wp-image-598\" title=\"\" src=\"http:\/\/kleinespechte.de\/spechtblog\/wp-content\/uploads\/engelbild-11-212x300.jpg\" alt=\"\" width=\"212\" height=\"300\" srcset=\"https:\/\/kleinespechte.de\/spechtblog\/wp-content\/uploads\/engelbild-11-212x300.jpg 212w, https:\/\/kleinespechte.de\/spechtblog\/wp-content\/uploads\/engelbild-11.jpg 724w\" sizes=\"auto, (max-width: 212px) 100vw, 212px\" \/><\/a><\/p>\n<div class=\"pdfprnt-buttons pdfprnt-buttons-post pdfprnt-bottom-right\"><a href=\"https:\/\/kleinespechte.de\/spechtblog\/wp-json\/wp\/v2\/posts\/95?print=print\" class=\"pdfprnt-button pdfprnt-button-print\" target=\"_blank\" ><img decoding=\"async\" src=\"https:\/\/kleinespechte.de\/spechtblog\/wp-content\/plugins\/pdf-print\/images\/print.png\" alt=\"image_print\" title=\"Inhalt drucken\" \/><\/a><\/div>","protected":false},"excerpt":{"rendered":"<p>Es ist toll, wenn man f\u00fcr seine Schulklasse mal nicht Fahrgemeinschaften organisieren muss, weil manches Sch\u00f6ne gleich um die Ecke liegt. So ist im Rathaus in Spechbach zur Weihnachtszeit eine Engel-Ausstellung des K\u00fcnstlers Hans-Jakob Bopp. Also sind wir mit M\u00e4ppchen, Klemmbrettchen und Malbl\u00e4ttern zu Fu\u00df losgezogen und durften ungest\u00f6rt (da wir au\u00dferhalb der \u00d6ffnungszeit am &hellip; <\/p>\n<p class=\"link-more\"><a href=\"https:\/\/kleinespechte.de\/spechtblog\/12\/2009\/engelbilder-klasse-3\/\" class=\"more-link\"><span class=\"screen-reader-text\">\u201eEngelbilder Klasse 3\u201c <\/span>weiterlesen<\/a><\/p>\n","protected":false},"author":4,"featured_media":0,"comment_status":"open","ping_status":"open","sticky":false,"template":"","format":"standard","meta":{"footnotes":""},"categories":[1],"tags":[5,6],"class_list":["post-95","post","type-post","status-publish","format-standard","hentry","category-allgemein","tag-ausflug","tag-kunst"],"_links":{"self":[{"href":"https:\/\/kleinespechte.de\/spechtblog\/wp-json\/wp\/v2\/posts\/95","targetHints":{"allow":["GET"]}}],"collection":[{"href":"https:\/\/kleinespechte.de\/spechtblog\/wp-json\/wp\/v2\/posts"}],"about":[{"href":"https:\/\/kleinespechte.de\/spechtblog\/wp-json\/wp\/v2\/types\/post"}],"author":[{"embeddable":true,"href":"https:\/\/kleinespechte.de\/spechtblog\/wp-json\/wp\/v2\/users\/4"}],"replies":[{"embeddable":true,"href":"https:\/\/kleinespechte.de\/spechtblog\/wp-json\/wp\/v2\/comments?post=95"}],"version-history":[{"count":2,"href":"https:\/\/kleinespechte.de\/spechtblog\/wp-json\/wp\/v2\/posts\/95\/revisions"}],"predecessor-version":[{"id":599,"href":"https:\/\/kleinespechte.de\/spechtblog\/wp-json\/wp\/v2\/posts\/95\/revisions\/599"}],"wp:attachment":[{"href":"https:\/\/kleinespechte.de\/spechtblog\/wp-json\/wp\/v2\/media?parent=95"}],"wp:term":[{"taxonomy":"category","embeddable":true,"href":"https:\/\/kleinespechte.de\/spechtblog\/wp-json\/wp\/v2\/categories?post=95"},{"taxonomy":"post_tag","embeddable":true,"href":"https:\/\/kleinespechte.de\/spechtblog\/wp-json\/wp\/v2\/tags?post=95"}],"curies":[{"name":"wp","href":"https:\/\/api.w.org\/{rel}","templated":true}]}}